{"id":2575,"date":"2021-03-22T18:14:11","date_gmt":"2021-03-22T18:14:11","guid":{"rendered":"https:\/\/opj.ces.uc.pt\/?p=2575"},"modified":"2021-04-23T12:00:03","modified_gmt":"2021-04-23T12:00:03","slug":"a-pandemia-foi-o-primeiro-grande-ensaio-a-nivel-global-de-como-se-pode-controlar-populacoes","status":"publish","type":"post","link":"https:\/\/opj.ces.uc.pt\/en\/2021\/03\/22\/a-pandemia-foi-o-primeiro-grande-ensaio-a-nivel-global-de-como-se-pode-controlar-populacoes\/","title":{"rendered":"A pandemia foi o primeiro grande ensaio a n\u00edvel global de como se pode controlar popula\u00e7\u00f5es"},"content":{"rendered":"<p><a href=\"https:\/\/www.ces.uc.pt\/pt\/ces\/pessoas\/investigadoras-es\/boaventura-de-sousa-santos\"><strong>Boaventura de Sousa Santos<\/strong><\/a>\u00a0| Jornal de Letras, 10 a 23 mar\u00e7o 2021<\/p>\n<a class=\"nectar-button small see-through accent-color has-icon\" style=\"border-color: #581634; color: #581634;\" target=\"_blank\" href=\"https:\/\/24.sapo.pt\/atualidade\/artigos\/boaventura-de-sousa-santos-a-pandemia-foi-o-primeiro-grande-ensaio-a-nivel-global-de-como-se-pode-controlar-populacoes\" data-color-override=\"#581634\" data-hover-color-override=\"false\" data-hover-text-color-override=\"#fff\"><span>Article<\/span><i  class=\"fa fa-file-pdf-o\"><\/i><\/a>","protected":false},"excerpt":{"rendered":"<p>Boaventura de Sousa Santos\u00a0| Jornal de Letras, 10 a 23 mar\u00e7o 2021<\/p>","protected":false},"author":1,"featured_media":2577,"comment_status":"closed","ping_status":"open","sticky":false,"template":"","format":"standard","meta":{"footnotes":""},"categories":[2],"tags":[],"class_list":{"0":"post-2575","1":"post","2":"type-post","3":"status-publish","4":"format-standard","5":"has-post-thumbnail","7":"category-destaques"},"_links":{"self":[{"href":"https:\/\/opj.ces.uc.pt\/en\/wp-json\/wp\/v2\/posts\/2575","targetHints":{"allow":["GET"]}}],"collection":[{"href":"https:\/\/opj.ces.uc.pt\/en\/wp-json\/wp\/v2\/posts"}],"about":[{"href":"https:\/\/opj.ces.uc.pt\/en\/wp-json\/wp\/v2\/types\/post"}],"author":[{"embeddable":true,"href":"https:\/\/opj.ces.uc.pt\/en\/wp-json\/wp\/v2\/users\/1"}],"replies":[{"embeddable":true,"href":"https:\/\/opj.ces.uc.pt\/en\/wp-json\/wp\/v2\/comments?post=2575"}],"version-history":[{"count":1,"href":"https:\/\/opj.ces.uc.pt\/en\/wp-json\/wp\/v2\/posts\/2575\/revisions"}],"predecessor-version":[{"id":2579,"href":"https:\/\/opj.ces.uc.pt\/en\/wp-json\/wp\/v2\/posts\/2575\/revisions\/2579"}],"wp:featuredmedia":[{"embeddable":true,"href":"https:\/\/opj.ces.uc.pt\/en\/wp-json\/wp\/v2\/media\/2577"}],"wp:attachment":[{"href":"https:\/\/opj.ces.uc.pt\/en\/wp-json\/wp\/v2\/media?parent=2575"}],"wp:term":[{"taxonomy":"category","embeddable":true,"href":"https:\/\/opj.ces.uc.pt\/en\/wp-json\/wp\/v2\/categories?post=2575"},{"taxonomy":"post_tag","embeddable":true,"href":"https:\/\/opj.ces.uc.pt\/en\/wp-json\/wp\/v2\/tags?post=2575"}],"curies":[{"name":"wp","href":"https:\/\/api.w.org\/{rel}","templated":true}]}}