{"id":2587,"date":"2021-04-08T19:00:28","date_gmt":"2021-04-08T19:00:28","guid":{"rendered":"https:\/\/opj.ces.uc.pt\/?p=2587"},"modified":"2021-05-24T09:40:13","modified_gmt":"2021-05-24T09:40:13","slug":"mediatizacao-da-justica-afeta-principio-da-presuncao-de-inocencia","status":"publish","type":"post","link":"https:\/\/opj.ces.uc.pt\/en\/2021\/04\/08\/mediatizacao-da-justica-afeta-principio-da-presuncao-de-inocencia\/","title":{"rendered":"Mediatiza\u00e7\u00e3o da justi\u00e7a afeta princ\u00edpio da presun\u00e7\u00e3o de inoc\u00eancia"},"content":{"rendered":"<p>noticiasaominuto.com, 8 abril 2021<\/p>\n<a class=\"nectar-button small see-through accent-color has-icon\" style=\"border-color: #581634; color: #581634;\" target=\"_blank\" href=\"https:\/\/www.noticiasaominuto.com\/pais\/1727652\/mediatizacao-da-justica-afeta-principio-da-presuncao-de-inocencia\" data-color-override=\"#581634\" data-hover-color-override=\"false\" data-hover-text-color-override=\"#fff\"><span>Article<\/span><i  class=\"fa fa-file-pdf-o\"><\/i><\/a>","protected":false},"excerpt":{"rendered":"<p>noticiasaominuto.com, 8 abril 2021<\/p>","protected":false},"author":1,"featured_media":2591,"comment_status":"closed","ping_status":"open","sticky":false,"template":"","format":"standard","meta":{"footnotes":""},"categories":[2],"tags":[],"class_list":{"0":"post-2587","1":"post","2":"type-post","3":"status-publish","4":"format-standard","5":"has-post-thumbnail","7":"category-destaques"},"_links":{"self":[{"href":"https:\/\/opj.ces.uc.pt\/en\/wp-json\/wp\/v2\/posts\/2587","targetHints":{"allow":["GET"]}}],"collection":[{"href":"https:\/\/opj.ces.uc.pt\/en\/wp-json\/wp\/v2\/posts"}],"about":[{"href":"https:\/\/opj.ces.uc.pt\/en\/wp-json\/wp\/v2\/types\/post"}],"author":[{"embeddable":true,"href":"https:\/\/opj.ces.uc.pt\/en\/wp-json\/wp\/v2\/users\/1"}],"replies":[{"embeddable":true,"href":"https:\/\/opj.ces.uc.pt\/en\/wp-json\/wp\/v2\/comments?post=2587"}],"version-history":[{"count":2,"href":"https:\/\/opj.ces.uc.pt\/en\/wp-json\/wp\/v2\/posts\/2587\/revisions"}],"predecessor-version":[{"id":2595,"href":"https:\/\/opj.ces.uc.pt\/en\/wp-json\/wp\/v2\/posts\/2587\/revisions\/2595"}],"wp:featuredmedia":[{"embeddable":true,"href":"https:\/\/opj.ces.uc.pt\/en\/wp-json\/wp\/v2\/media\/2591"}],"wp:attachment":[{"href":"https:\/\/opj.ces.uc.pt\/en\/wp-json\/wp\/v2\/media?parent=2587"}],"wp:term":[{"taxonomy":"category","embeddable":true,"href":"https:\/\/opj.ces.uc.pt\/en\/wp-json\/wp\/v2\/categories?post=2587"},{"taxonomy":"post_tag","embeddable":true,"href":"https:\/\/opj.ces.uc.pt\/en\/wp-json\/wp\/v2\/tags?post=2587"}],"curies":[{"name":"wp","href":"https:\/\/api.w.org\/{rel}","templated":true}]}}