{"id":2702,"date":"2021-05-12T12:34:06","date_gmt":"2021-05-12T12:34:06","guid":{"rendered":"https:\/\/opj.ces.uc.pt\/?p=2702"},"modified":"2021-06-29T12:24:33","modified_gmt":"2021-06-29T12:24:33","slug":"faltou-ao-trabalho-por-nao-ter-onde-deixar-a-filha-empresa-vai-ter-de-o-indemnizar-por-despedimento-abusivo","status":"publish","type":"post","link":"https:\/\/opj.ces.uc.pt\/en\/2021\/05\/12\/faltou-ao-trabalho-por-nao-ter-onde-deixar-a-filha-empresa-vai-ter-de-o-indemnizar-por-despedimento-abusivo\/","title":{"rendered":"Faltou ao trabalho por n\u00e3o ter onde deixar a filha. Empresa vai ter de o indemnizar por despedimento abusivo"},"content":{"rendered":"<p>P\u00fablico | 8 maio 2021<\/p>\n<a class=\"nectar-button small see-through accent-color has-icon\" style=\"border-color: #581634; color: #581634;\" target=\"_blank\" href=\"https:\/\/www.publico.pt\/2021\/05\/08\/sociedade\/noticia\/faltou-trabalho-nao-onde-deixar-filha-empresa-vai-indemnizar-despedimento-abusivo-1961738\" data-color-override=\"#581634\" data-hover-color-override=\"false\" data-hover-text-color-override=\"#fff\"><span>Article<\/span><i  class=\"fa fa-file-pdf-o\"><\/i><\/a>\n<a class=\"nectar-button small see-through accent-color has-icon\" style=\"border-color: #581634; color: #581634;\" target=\"_blank\" href=\"http:\/\/www.dgsi.pt\/jtrl.nsf\/33182fc732316039802565fa00497eec\/2a1bf859984bbc77802585d900326102?OpenDocument&amp;Highlight=0,514%2F19.9T8BRR\" data-color-override=\"#581634\" data-hover-color-override=\"false\" data-hover-text-color-override=\"#fff\"><span>Ac\u00f3rd\u00e3o do Tribunal da Rela\u00e7\u00e3o de Lisboa<\/span><i  class=\"fa fa-file-pdf-o\"><\/i><\/a>\n<a class=\"nectar-button small see-through accent-color has-icon\" style=\"border-color: #581634; color: #581634;\" target=\"_blank\" href=\"http:\/\/www.dgsi.pt\/jstj.nsf\/954f0ce6ad9dd8b980256b5f003fa814\/0c39d712d126680b8025868d003de4ae?OpenDocument\" data-color-override=\"#581634\" data-hover-color-override=\"false\" data-hover-text-color-override=\"#fff\"><span>Ac\u00f3rd\u00e3o do Supremo Tribunal de Justi\u00e7a<\/span><i  class=\"fa fa-file-pdf-o\"><\/i><\/a>","protected":false},"excerpt":{"rendered":"<p>P\u00fablico | 8 maio 2021<\/p>","protected":false},"author":1,"featured_media":2703,"comment_status":"closed","ping_status":"open","sticky":false,"template":"","format":"standard","meta":{"footnotes":""},"categories":[2],"tags":[],"class_list":{"0":"post-2702","1":"post","2":"type-post","3":"status-publish","4":"format-standard","5":"has-post-thumbnail","7":"category-destaques"},"_links":{"self":[{"href":"https:\/\/opj.ces.uc.pt\/en\/wp-json\/wp\/v2\/posts\/2702","targetHints":{"allow":["GET"]}}],"collection":[{"href":"https:\/\/opj.ces.uc.pt\/en\/wp-json\/wp\/v2\/posts"}],"about":[{"href":"https:\/\/opj.ces.uc.pt\/en\/wp-json\/wp\/v2\/types\/post"}],"author":[{"embeddable":true,"href":"https:\/\/opj.ces.uc.pt\/en\/wp-json\/wp\/v2\/users\/1"}],"replies":[{"embeddable":true,"href":"https:\/\/opj.ces.uc.pt\/en\/wp-json\/wp\/v2\/comments?post=2702"}],"version-history":[{"count":5,"href":"https:\/\/opj.ces.uc.pt\/en\/wp-json\/wp\/v2\/posts\/2702\/revisions"}],"predecessor-version":[{"id":2801,"href":"https:\/\/opj.ces.uc.pt\/en\/wp-json\/wp\/v2\/posts\/2702\/revisions\/2801"}],"wp:featuredmedia":[{"embeddable":true,"href":"https:\/\/opj.ces.uc.pt\/en\/wp-json\/wp\/v2\/media\/2703"}],"wp:attachment":[{"href":"https:\/\/opj.ces.uc.pt\/en\/wp-json\/wp\/v2\/media?parent=2702"}],"wp:term":[{"taxonomy":"category","embeddable":true,"href":"https:\/\/opj.ces.uc.pt\/en\/wp-json\/wp\/v2\/categories?post=2702"},{"taxonomy":"post_tag","embeddable":true,"href":"https:\/\/opj.ces.uc.pt\/en\/wp-json\/wp\/v2\/tags?post=2702"}],"curies":[{"name":"wp","href":"https:\/\/api.w.org\/{rel}","templated":true}]}}