{"id":2794,"date":"2021-06-25T14:48:44","date_gmt":"2021-06-25T14:48:44","guid":{"rendered":"https:\/\/opj.ces.uc.pt\/?p=2794"},"modified":"2021-07-22T16:44:45","modified_gmt":"2021-07-22T16:44:45","slug":"seminario-cooperacao-internacional-governacao-e-estado-de-direito","status":"publish","type":"post","link":"https:\/\/opj.ces.uc.pt\/en\/2021\/06\/25\/seminario-cooperacao-internacional-governacao-e-estado-de-direito\/","title":{"rendered":"SEMINAR\u00a0"},"content":{"rendered":"<p><strong>Coopera\u00e7\u00e3o Internacional, Governa\u00e7\u00e3o e Estado de Direito<br \/>\n<\/strong><strong>7-8 de julho de 2021, 9h30-13h00 (S\u00e3o Tom\u00e9 e Pr\u00edncipe) | 10h30-14h00 (Portugal)<\/strong><\/p>\n<p>Evento em formato digital<\/p>\n<p><strong>\u00a0<\/strong><strong>Apresenta\u00e7\u00e3o<\/strong><\/p>\n<p>O Semin\u00e1rio \u201cCoopera\u00e7\u00e3o Internacional, Governa\u00e7\u00e3o e Estado de direito\u201d \u00e9 realizado em parceria com a Dire\u00e7\u00e3o de Pol\u00edtica de Justi\u00e7a do Minist\u00e9rio da Justi\u00e7a, Administra\u00e7\u00e3o P\u00fablica e Direitos Humanos de S\u00e3o Tom\u00e9 e Pr\u00edncipe, por solicita\u00e7\u00e3o do Cam\u00f5es, IP, como atividade inserida no \u00e2mbito do projeto PACED \u2013 Projeto de Apoio \u00e0 Consolida\u00e7\u00e3o do Estado de Direito, um projeto financiado pela Uni\u00e3o Europeia e implementado e cofinanciado pelo Cam\u00f5es, IP. O projeto PACED tem como objetivo geral &#8220;contribuir para a afirma\u00e7\u00e3o e consolida\u00e7\u00e3o do Estado de Direito nos PALOP e em Timor-Leste, atrav\u00e9s da prossecu\u00e7\u00e3o do seguinte objetivo espec\u00edfico: melhorar a capacidade dos PALOP e de Timor-Leste para prevenir e lutar eficazmente contra a corrup\u00e7\u00e3o, branqueamento de capitais e crime organizado, especialmente tr\u00e1fico de estupefacientes\u201d.<\/p>\n<p>Este \u00e9 um Semin\u00e1rio aberto a quadros pol\u00edticos, deputados e outros dirigentes da administra\u00e7\u00e3o p\u00fablica e das magistraturas judicial e do Minist\u00e9rio P\u00fablico sobre os mecanismos de coopera\u00e7\u00e3o e boa governa\u00e7\u00e3o global estabelecidos pelas organiza\u00e7\u00f5es internacionais, considerando os temas do projeto PACED.<\/p>\n<p>Com este Semin\u00e1rio procura-se criar um espa\u00e7o de reflex\u00e3o conjunta com a participa\u00e7\u00e3o de membros de institui\u00e7\u00f5es locais e internacionais sobre os seguintes temas: refor\u00e7o da cultura de adequa\u00e7\u00e3o das agendas\/propostas das organiza\u00e7\u00f5es internacionais aos contextos e necessidades espec\u00edficas de cada pa\u00eds; refor\u00e7o da capacidade de transmiss\u00e3o das prioridades das pr\u00f3prias agendas estrat\u00e9gicas nacionais; diminui\u00e7\u00e3o da opacidade dos \u00edndex; e refor\u00e7o da corresponsabiliza\u00e7\u00e3o na constru\u00e7\u00e3o das agendas.<\/p>\n[<strong><a href=\"https:\/\/ces.uc.pt\/pt\/agenda-noticias\/agenda-de-eventos\/2021\/cooperacao-internacional-governacao-e-estado-de-direito-34739\/inscricao\">Inscri\u00e7\u00e3o gratuita, mas obrigat\u00f3ria<\/a><\/strong>]\n<p><strong>Informa\u00e7\u00f5es<\/strong>:<br \/>\n(+351) 239 855 570 \/ (+351) 914 140 187 |\u00a0<a href=\"http:\/\/unifoj@ces.uc.pt\/\">unifoj@ces.uc.pt<\/a><\/p>\n<a class=\"nectar-button small see-through accent-color has-icon\" style=\"border-color: #581634; color: #581634;\" target=\"_blank\" href=\"https:\/\/opj.ces.uc.pt\/wp-content\/uploads\/2021\/06\/Cartaz-Programa.pdf\" data-color-override=\"#581634\" data-hover-color-override=\"false\" data-hover-text-color-override=\"#fff\"><span>Programa<\/span><i  class=\"fa-clone\"><\/i><\/a>\n","protected":false},"excerpt":{"rendered":"<p>Coopera\u00e7\u00e3o Internacional, Governa\u00e7\u00e3o e Estado de Direito 7-8 de julho de 2021, 9h30-13h00 (S\u00e3o Tom\u00e9 e Pr\u00edncipe) | 10h30-14h00 (Portugal) Evento em formato digital \u00a0Apresenta\u00e7\u00e3o O Semin\u00e1rio \u201cCoopera\u00e7\u00e3o Internacional, Governa\u00e7\u00e3o&#8230;<\/p>","protected":false},"author":1,"featured_media":2795,"comment_status":"closed","ping_status":"open","sticky":false,"template":"","format":"standard","meta":{"footnotes":""},"categories":[2],"tags":[],"class_list":{"0":"post-2794","1":"post","2":"type-post","3":"status-publish","4":"format-standard","5":"has-post-thumbnail","7":"category-destaques"},"_links":{"self":[{"href":"https:\/\/opj.ces.uc.pt\/en\/wp-json\/wp\/v2\/posts\/2794","targetHints":{"allow":["GET"]}}],"collection":[{"href":"https:\/\/opj.ces.uc.pt\/en\/wp-json\/wp\/v2\/posts"}],"about":[{"href":"https:\/\/opj.ces.uc.pt\/en\/wp-json\/wp\/v2\/types\/post"}],"author":[{"embeddable":true,"href":"https:\/\/opj.ces.uc.pt\/en\/wp-json\/wp\/v2\/users\/1"}],"replies":[{"embeddable":true,"href":"https:\/\/opj.ces.uc.pt\/en\/wp-json\/wp\/v2\/comments?post=2794"}],"version-history":[{"count":3,"href":"https:\/\/opj.ces.uc.pt\/en\/wp-json\/wp\/v2\/posts\/2794\/revisions"}],"predecessor-version":[{"id":2800,"href":"https:\/\/opj.ces.uc.pt\/en\/wp-json\/wp\/v2\/posts\/2794\/revisions\/2800"}],"wp:featuredmedia":[{"embeddable":true,"href":"https:\/\/opj.ces.uc.pt\/en\/wp-json\/wp\/v2\/media\/2795"}],"wp:attachment":[{"href":"https:\/\/opj.ces.uc.pt\/en\/wp-json\/wp\/v2\/media?parent=2794"}],"wp:term":[{"taxonomy":"category","embeddable":true,"href":"https:\/\/opj.ces.uc.pt\/en\/wp-json\/wp\/v2\/categories?post=2794"},{"taxonomy":"post_tag","embeddable":true,"href":"https:\/\/opj.ces.uc.pt\/en\/wp-json\/wp\/v2\/tags?post=2794"}],"curies":[{"name":"wp","href":"https:\/\/api.w.org\/{rel}","templated":true}]}}