{"id":2905,"date":"2021-07-22T16:43:47","date_gmt":"2021-07-22T16:43:47","guid":{"rendered":"https:\/\/opj.ces.uc.pt\/?p=2905"},"modified":"2021-09-08T10:57:23","modified_gmt":"2021-09-08T10:57:23","slug":"relatorio-da-comissao-europeia-sobre-o-estado-de-direito-identifica-desafios-associados-a-eficiencia-do-sistema-judicial-em-portugal","status":"publish","type":"post","link":"https:\/\/opj.ces.uc.pt\/en\/2021\/07\/22\/relatorio-da-comissao-europeia-sobre-o-estado-de-direito-identifica-desafios-associados-a-eficiencia-do-sistema-judicial-em-portugal\/","title":{"rendered":"Relat\u00f3rio da Comiss\u00e3o Europeia sobre o Estado de Direito identifica desafios associados \u00e0 efici\u00eancia do sistema judicial em Portugal"},"content":{"rendered":"<p><a href=\"https:\/\/ec.europa.eu\/info\/sites\/default\/files\/2021_rolr_country_chapter_portugal_en.pdf\"><strong>2021 Rule of Law Report. Country Chapter on the rule of law situation in Portugal<\/strong><\/a><\/p>\n<p><a href=\"https:\/\/ec.europa.eu\/info\/sites\/default\/files\/rule_of_law_2021_country_chapter_abstracts_en.pdf\"><strong>Rule of Law Report 2021. Country Chapter Abstracts<\/strong><\/a><\/p>\n<p>&nbsp;<\/p>\n<hr \/>\n<p>Not\u00edcias:<\/p>\n<a class=\"nectar-button small see-through accent-color has-icon\" style=\"border-color: #581634; color: #581634;\" target=\"_blank\" href=\"https:\/\/expresso.pt\/internacional\/2021-07-20-Pegasus-e-Toupeira-e-os-problemas-de-ineficiencia-da-justica-portuguesa-o-que-diz-o-segundo-Relatorio-sobre-o-Estado-de-direito-na-UE-c97673f4\" data-color-override=\"#581634\" data-hover-color-override=\"false\" data-hover-text-color-override=\"#fff\"><span>Expresso | 20\/07\/2021<\/span><i  class=\"fa-clone\"><\/i><\/a>\n<a class=\"nectar-button small see-through accent-color has-icon\" style=\"border-color: #581634; color: #581634;\" target=\"_blank\" href=\"https:\/\/observador.pt\/2021\/07\/20\/relatorio-da-ue-aponta-escassez-de-recursos-humanos-como-principal-desafio-da-justica-portuguesa\/\" data-color-override=\"#581634\" data-hover-color-override=\"false\" data-hover-text-color-override=\"#fff\"><span>Observador | 20\/07\/2021<\/span><i  class=\"fa-clone\"><\/i><\/a>\n<a class=\"nectar-button small see-through accent-color has-icon\" style=\"border-color: #581634; color: #581634;\" target=\"_blank\" href=\"https:\/\/www.publico.pt\/2021\/07\/20\/mundo\/noticia\/pandemia-teste-stress-estado-direito-falhas-ja-vinham-1971131\" data-color-override=\"#581634\" data-hover-color-override=\"false\" data-hover-text-color-override=\"#fff\"><span>P\u00fablico | 20\/07\/2021<\/span><i  class=\"fa-clone\"><\/i><\/a>\n<a class=\"nectar-button small see-through accent-color has-icon\" style=\"border-color: #581634; color: #581634;\" target=\"_blank\" href=\"https:\/\/www.rtp.pt\/noticias\/pais\/estado-de-direito-na-ue-eficiencia-do-sistema-judicial-portugues-continua-a-ser-um-desafio_n1336799\" data-color-override=\"#581634\" data-hover-color-override=\"false\" data-hover-text-color-override=\"#fff\"><span>RTP | 20\/07\/2021<\/span><i  class=\"fa-clone\"><\/i><\/a>\n<a class=\"nectar-button small see-through accent-color has-icon\" style=\"border-color: #581634; color: #581634;\" target=\"_blank\" href=\"https:\/\/www.tsf.pt\/portugal\/sociedade\/europa-diz-que-faltam-meios-para-travar-a-corrupcao-e-controlar-o-periodo-de-nojo-dos-politicos-em-portugal-13957602.html\" data-color-override=\"#581634\" data-hover-color-override=\"false\" data-hover-text-color-override=\"#fff\"><span>TSF | 20\/07\/2021<\/span><i  class=\"fa-clone\"><\/i><\/a>","protected":false},"excerpt":{"rendered":"<p>2021 Rule of Law Report. Country Chapter on the rule of law situation in Portugal Rule of Law Report 2021. Country Chapter Abstracts &nbsp; Not\u00edcias:<\/p>","protected":false},"author":1,"featured_media":2908,"comment_status":"closed","ping_status":"open","sticky":false,"template":"","format":"standard","meta":{"footnotes":""},"categories":[2],"tags":[],"class_list":{"0":"post-2905","1":"post","2":"type-post","3":"status-publish","4":"format-standard","5":"has-post-thumbnail","7":"category-destaques"},"_links":{"self":[{"href":"https:\/\/opj.ces.uc.pt\/en\/wp-json\/wp\/v2\/posts\/2905","targetHints":{"allow":["GET"]}}],"collection":[{"href":"https:\/\/opj.ces.uc.pt\/en\/wp-json\/wp\/v2\/posts"}],"about":[{"href":"https:\/\/opj.ces.uc.pt\/en\/wp-json\/wp\/v2\/types\/post"}],"author":[{"embeddable":true,"href":"https:\/\/opj.ces.uc.pt\/en\/wp-json\/wp\/v2\/users\/1"}],"replies":[{"embeddable":true,"href":"https:\/\/opj.ces.uc.pt\/en\/wp-json\/wp\/v2\/comments?post=2905"}],"version-history":[{"count":1,"href":"https:\/\/opj.ces.uc.pt\/en\/wp-json\/wp\/v2\/posts\/2905\/revisions"}],"predecessor-version":[{"id":2907,"href":"https:\/\/opj.ces.uc.pt\/en\/wp-json\/wp\/v2\/posts\/2905\/revisions\/2907"}],"wp:featuredmedia":[{"embeddable":true,"href":"https:\/\/opj.ces.uc.pt\/en\/wp-json\/wp\/v2\/media\/2908"}],"wp:attachment":[{"href":"https:\/\/opj.ces.uc.pt\/en\/wp-json\/wp\/v2\/media?parent=2905"}],"wp:term":[{"taxonomy":"category","embeddable":true,"href":"https:\/\/opj.ces.uc.pt\/en\/wp-json\/wp\/v2\/categories?post=2905"},{"taxonomy":"post_tag","embeddable":true,"href":"https:\/\/opj.ces.uc.pt\/en\/wp-json\/wp\/v2\/tags?post=2905"}],"curies":[{"name":"wp","href":"https:\/\/api.w.org\/{rel}","templated":true}]}}