{"id":2911,"date":"2021-09-02T13:57:27","date_gmt":"2021-09-02T13:57:27","guid":{"rendered":"https:\/\/opj.ces.uc.pt\/?p=2911"},"modified":"2021-09-26T16:57:08","modified_gmt":"2021-09-26T16:57:08","slug":"seminario-portugal-um-pais-de-corrupcao-9-de-setembro","status":"publish","type":"post","link":"https:\/\/opj.ces.uc.pt\/en\/2021\/09\/02\/seminario-portugal-um-pais-de-corrupcao-9-de-setembro\/","title":{"rendered":"Semin\u00e1rio &#8220;Portugal, um pa\u00eds de Corrup\u00e7\u00e3o?!&#8221;"},"content":{"rendered":"<div id=\"fws_69f439cc573e3\"  data-midnight=\"dark\"  data-bg-mobile-hidden=\"\" class=\"wpb_row vc_row-fluid vc_row standard_section\"  style=\"padding-top: 0px; padding-bottom: 0px; \"><div class=\"row-bg-wrap\" data-bg-animation=\"none\"><div class=\"inner-wrap\"><div class=\"row-bg\"  style=\"\"><\/div><\/div><div class=\"row-bg-overlay\" ><\/div><\/div><div class=\"col span_12 dark left\">\n\t<div  class=\"vc_col-sm-12 wpb_column column_container vc_column_container col no-extra-padding\"  data-t-w-inherits=\"default\" data-border-radius=\"none\" data-shadow=\"none\" data-border-animation=\"\" data-border-animation-delay=\"\" data-border-width=\"none\" data-border-style=\"solid\" data-border-color=\"\" data-bg-cover=\"\" data-padding-pos=\"all\" data-has-bg-color=\"false\" data-bg-color=\"\" data-bg-opacity=\"1\" data-hover-bg=\"\" data-hover-bg-opacity=\"1\" data-animation=\"\" data-delay=\"0\"><div class=\"column-bg-overlay\"><\/div>\n\t\t<div class=\"vc_column-inner\">\n\t\t\t<div class=\"wpb_wrapper\">\n\t\t\t\t\r\n\t<div class=\"wpb_text_column wpb_content_element\" >\r\n\t\t<div class=\"wpb_wrapper\">\r\n\t\t\t<h4><strong><em>Portugal, um pa\u00eds de Corrup\u00e7\u00e3o?!<\/em><\/strong><\/h4>\n<p><strong>Data:<\/strong>\u00a09 de Setembro de 2021 \u2013 quinta-feira \u2013 17 \u00e0s 19 horas<br \/>\n<strong>Local:<\/strong>\u00a0Plataforma Zoom (inscri\u00e7\u00e3o\u00a0<a href=\"https:\/\/ces.uc.pt\/pt\/agenda-noticias\/agenda-de-eventos\/2021\/portugal-um-pais-de-corrupcao\">Registration form<\/a>)<\/p>\n<p><strong>Oradores\/as:<\/strong><br \/>\n\u2013 Mariana Oliveira \u2013 Jornalista do Jornal P\u00fablico<br \/>\n\u2013 Rita Figueiras \u2013 Professora da Universidade Cat\u00f3lica Portuguesa<br \/>\n\u2013 Rui Cardoso \u2013 Procurador da Rep\u00fablica<\/p>\n<p><strong>Comentador:<\/strong>\u00a0Manuel Carvalho da Silva \u2013 Coordenador do COLABOR \u2013 Laborat\u00f3rio Colaborativo para o Trabalho, Emprego e Prote\u00e7\u00e3o Social<br \/>\n<strong>Moderadora:<\/strong>\u00a0Concei\u00e7\u00e3o Gomes OPJ\/CES\/UC<\/p>\n<p>Este tema constitui um importante desafio \u00e0 reflex\u00e3o sobre o fen\u00f3meno da corrup\u00e7\u00e3o entre n\u00f3s. Em primeiro lugar, n\u00e3o se conhecendo a criminalidade real, mas apenas a criminalidade registada, isto \u00e9, a criminalidade que de algum modo chega ao conhecimento das inst\u00e2ncias formais de controlo e relativamente \u00e0 qual \u00e9 aberto um processo, as perce\u00e7\u00f5es ganham relev\u00e2ncia, confundindo-se, muitas vezes, no discurso e na reflex\u00e3o com a criminalidade real. \u00c9, por isso, importante desconstruir essa associa\u00e7\u00e3o refletindo, por um lado, sobre os fatores que devem ser tidos em conta na aproxima\u00e7\u00e3o \u00e0 criminalidade real e, por outro, sobre aqueles que mais contribuem para a forma\u00e7\u00e3o das perce\u00e7\u00f5es neste campo. Em segundo lugar, consideramos igualmente importante revisitar as pol\u00edticas e medidas legais, organizacionais ou de outra natureza nesta mat\u00e9ria, levadas a cabo num passado recente, e refletir sobre as raz\u00f5es pelas quais elas n\u00e3o ter\u00e3o sido eficientes. Resgatar essa mem\u00f3ria \u00e9 importante para ajudar a que n\u00e3o se repitam caminhos errados ou ineficazes do passado.<\/p>\n<a class=\"nectar-button small see-through accent-color has-icon\" style=\"border-color: #581634; color: #581634;\" target=\"_blank\" href=\"https:\/\/benac.ces.uc.pt\/portugal-um-pais-de-corrupcao\/\" data-color-override=\"#581634\" data-hover-color-override=\"false\" data-hover-text-color-override=\"#fff\"><span>PROGRAMME<\/span><i  class=\"fa-clone\"><\/i><\/a>\n\r\n\t\t<\/div>\r\n\t<\/div>\r\n\n\t\t\t<\/div> \n\t\t<\/div>\n\t<\/div> \n<\/div><\/div>","protected":false},"excerpt":{"rendered":"Portugal, um pa\u00eds de Corrup\u00e7\u00e3o?! Data:\u00a09 de Setembro de 2021 \u2013 quinta-feira \u2013 17 \u00e0s 19 horas Local:\u00a0Plataforma Zoom (inscri\u00e7\u00e3o\u00a0AQUI) Oradores\/as: \u2013 Mariana Oliveira \u2013 Jornalista do Jornal P\u00fablico \u2013...","protected":false},"author":1,"featured_media":2912,"comment_status":"closed","ping_status":"open","sticky":false,"template":"","format":"standard","meta":{"footnotes":""},"categories":[8],"tags":[],"class_list":{"0":"post-2911","1":"post","2":"type-post","3":"status-publish","4":"format-standard","5":"has-post-thumbnail","7":"category-extra"},"_links":{"self":[{"href":"https:\/\/opj.ces.uc.pt\/en\/wp-json\/wp\/v2\/posts\/2911","targetHints":{"allow":["GET"]}}],"collection":[{"href":"https:\/\/opj.ces.uc.pt\/en\/wp-json\/wp\/v2\/posts"}],"about":[{"href":"https:\/\/opj.ces.uc.pt\/en\/wp-json\/wp\/v2\/types\/post"}],"author":[{"embeddable":true,"href":"https:\/\/opj.ces.uc.pt\/en\/wp-json\/wp\/v2\/users\/1"}],"replies":[{"embeddable":true,"href":"https:\/\/opj.ces.uc.pt\/en\/wp-json\/wp\/v2\/comments?post=2911"}],"version-history":[{"count":3,"href":"https:\/\/opj.ces.uc.pt\/en\/wp-json\/wp\/v2\/posts\/2911\/revisions"}],"predecessor-version":[{"id":2915,"href":"https:\/\/opj.ces.uc.pt\/en\/wp-json\/wp\/v2\/posts\/2911\/revisions\/2915"}],"wp:featuredmedia":[{"embeddable":true,"href":"https:\/\/opj.ces.uc.pt\/en\/wp-json\/wp\/v2\/media\/2912"}],"wp:attachment":[{"href":"https:\/\/opj.ces.uc.pt\/en\/wp-json\/wp\/v2\/media?parent=2911"}],"wp:term":[{"taxonomy":"category","embeddable":true,"href":"https:\/\/opj.ces.uc.pt\/en\/wp-json\/wp\/v2\/categories?post=2911"},{"taxonomy":"post_tag","embeddable":true,"href":"https:\/\/opj.ces.uc.pt\/en\/wp-json\/wp\/v2\/tags?post=2911"}],"curies":[{"name":"wp","href":"https:\/\/api.w.org\/{rel}","templated":true}]}}