{"id":2974,"date":"2021-10-13T12:04:01","date_gmt":"2021-10-13T12:04:01","guid":{"rendered":"https:\/\/opj.ces.uc.pt\/?p=2974"},"modified":"2022-05-25T20:47:23","modified_gmt":"2022-05-25T20:47:23","slug":"seminario-cooperacao-internacional-governacao-e-estado-de-direito-20-e-21-outubro","status":"publish","type":"post","link":"https:\/\/opj.ces.uc.pt\/en\/2021\/10\/13\/seminario-cooperacao-internacional-governacao-e-estado-de-direito-20-e-21-outubro\/","title":{"rendered":"SEMIN\u00c1RIO: Coopera\u00e7\u00e3o Internacional, Governa\u00e7\u00e3o e Estado de Direito \u2013 Angola"},"content":{"rendered":"<div id=\"fws_69f5a4b29f3e2\"  data-midnight=\"dark\"  data-bg-mobile-hidden=\"\" class=\"wpb_row vc_row-fluid vc_row standard_section\"  style=\"padding-top: 0px; padding-bottom: 0px; \"><div class=\"row-bg-wrap\" data-bg-animation=\"none\"><div class=\"inner-wrap\"><div class=\"row-bg\"  style=\"\"><\/div><\/div><div class=\"row-bg-overlay\" ><\/div><\/div><div class=\"col span_12 dark left\">\n\t<div  class=\"vc_col-sm-12 wpb_column column_container vc_column_container col no-extra-padding\"  data-t-w-inherits=\"default\" data-border-radius=\"none\" data-shadow=\"none\" data-border-animation=\"\" data-border-animation-delay=\"\" data-border-width=\"none\" data-border-style=\"solid\" data-border-color=\"\" data-bg-cover=\"\" data-padding-pos=\"all\" data-has-bg-color=\"false\" data-bg-color=\"\" data-bg-opacity=\"1\" data-hover-bg=\"\" data-hover-bg-opacity=\"1\" data-animation=\"\" data-delay=\"0\"><div class=\"column-bg-overlay\"><\/div>\n\t\t<div class=\"vc_column-inner\">\n\t\t\t<div class=\"wpb_wrapper\">\n\t\t\t\t\n\t<div class=\"wpb_gallery wpb_content_element clearfix\">\n\t\t<div class=\"wpb_wrapper\"><div class=\"wpb_gallery_slides wpb_flexslider flex-gallery flexslider\" data-interval=\"5\" data-flex_fx=\"fade\"><ul class=\"slides\"><li><a href=\"https:\/\/opj.ces.uc.pt\/wp-content\/uploads\/2021\/10\/Semina\u0301rio-1-1.jpg\"><img loading=\"lazy\" decoding=\"async\" class=\"skip-lazy\" src=\"https:\/\/opj.ces.uc.pt\/wp-content\/uploads\/2021\/10\/Semina\u0301rio-1-1-400x266.jpg\" width=\"400\" height=\"266\" alt=\"Semina\u0301rio 1\" title=\"Semina\u0301rio 1\" \/><\/a><\/li><li><a href=\"https:\/\/opj.ces.uc.pt\/wp-content\/uploads\/2021\/10\/Semina\u0301rio-2-1.jpg\"><img loading=\"lazy\" decoding=\"async\" class=\"skip-lazy\" src=\"https:\/\/opj.ces.uc.pt\/wp-content\/uploads\/2021\/10\/Semina\u0301rio-2-1-400x266.jpg\" width=\"400\" height=\"266\" alt=\"Semina\u0301rio 2\" title=\"Semina\u0301rio 2\" \/><\/a><\/li><li><a href=\"https:\/\/opj.ces.uc.pt\/wp-content\/uploads\/2021\/10\/Semina\u0301rio-3-1.jpg\"><img loading=\"lazy\" decoding=\"async\" class=\"skip-lazy\" src=\"https:\/\/opj.ces.uc.pt\/wp-content\/uploads\/2021\/10\/Semina\u0301rio-3-1-400x266.jpg\" width=\"400\" height=\"266\" alt=\"Semina\u0301rio 3\" title=\"Semina\u0301rio 3\" \/><\/a><\/li><li><a href=\"https:\/\/opj.ces.uc.pt\/wp-content\/uploads\/2021\/10\/Semina\u0301rio-4-1.jpg\"><img loading=\"lazy\" decoding=\"async\" class=\"skip-lazy\" src=\"https:\/\/opj.ces.uc.pt\/wp-content\/uploads\/2021\/10\/Semina\u0301rio-4-1-400x266.jpg\" width=\"400\" height=\"266\" alt=\"Semina\u0301rio 4\" title=\"Semina\u0301rio 4\" \/><\/a><\/li><li><a href=\"https:\/\/opj.ces.uc.pt\/wp-content\/uploads\/2021\/10\/Semina\u0301rio-5-1.jpg\"><img loading=\"lazy\" decoding=\"async\" class=\"skip-lazy\" src=\"https:\/\/opj.ces.uc.pt\/wp-content\/uploads\/2021\/10\/Semina\u0301rio-5-1-400x266.jpg\" width=\"400\" height=\"266\" alt=\"Semina\u0301rio 5\" title=\"Semina\u0301rio 5\" \/><\/a><\/li><\/ul><\/div>\n\t\t<\/div> \n\t<\/div> <div class=\"divider-wrap\" data-alignment=\"default\"><div style=\"height: 20px;\" class=\"divider\"><\/div><\/div>\r\n\t<div class=\"wpb_text_column wpb_content_element\" >\r\n\t\t<div class=\"wpb_wrapper\">\r\n\t\t\t<div class=\"header-event-wrapper\">\n<p><strong>Coopera\u00e7\u00e3o Internacional, Governa\u00e7\u00e3o e Estado de Direito<\/strong><\/p>\n<p>20 e 21 de outubro de 2021<\/p>\n<p>Online event<\/p>\n<p>O Semin\u00e1rio \u201cCoopera\u00e7\u00e3o Internacional, Governa\u00e7\u00e3o e Estado de direito\u201d foi realizado em parceria com o Centro de Estudos Jur\u00eddicos, Econ\u00f3micos e Sociais da Universidade Agostinho Neto, contando com a participa\u00e7\u00e3o de acad\u00e9micos, quadros pol\u00edticos, deputados e outros dirigentes da administra\u00e7\u00e3o p\u00fablica e das magistraturas judicial e do Minist\u00e9rio P\u00fablico. Esta \u00e9 uma atividade inserida no \u00e2mbito do PACED \u2013 Projeto de Apoio \u00e0 Consolida\u00e7\u00e3o do Estado de Direito, financiado pela Uni\u00e3o Europeia e implementado e cofinanciado pelo Cam\u00f5es, IP.<\/p>\n<p>Com este semin\u00e1rio online, procurou-se criar um espa\u00e7o de reflex\u00e3o conjunta com a participa\u00e7\u00e3o de membros de institui\u00e7\u00f5es locais e internacionais sobre os seguintes temas: refor\u00e7o da cultura de adequa\u00e7\u00e3o das agendas\/propostas das organiza\u00e7\u00f5es internacionais aos contextos e necessidades espec\u00edficas de cada pa\u00eds; refor\u00e7o da capacidade de transmiss\u00e3o das prioridades das pr\u00f3prias agendas estrat\u00e9gicas nacionais; diminui\u00e7\u00e3o da opacidade dos \u00edndex; e refor\u00e7o da corresponsabiliza\u00e7\u00e3o na constru\u00e7\u00e3o das agendas.<\/p>\n<\/div>\n\r\n\t\t<\/div>\r\n\t<\/div>\r\n<div class=\"divider-wrap\" data-alignment=\"default\"><div style=\"height: 40px;\" class=\"divider\"><\/div><\/div><a class=\"nectar-button small see-through accent-color\" style=\"border-color: #601721; color: #601721;\"  href=\"https:\/\/opj.ces.uc.pt\/wp-content\/uploads\/2021\/10\/Programa-Semina\u0301rio-20-e-21-out.-1.pdf\" data-color-override=\"#601721\" data-hover-color-override=\"false\" data-hover-text-color-override=\"#fff\"><span>PROGRAMME<\/span><\/a><div class=\"divider-wrap\" data-alignment=\"default\"><div style=\"height: 40px;\" class=\"divider\"><\/div><\/div>\r\n\t<div class=\"wpb_text_column wpb_content_element\" >\r\n\t\t<div class=\"wpb_wrapper\">\r\n\t\t\t<div class=\"header-event-wrapper\">\n<hr \/>\n<p>Not\u00edcias:<\/p>\n<\/div>\n\r\n\t\t<\/div>\r\n\t<\/div>\r\n<div class=\"divider-wrap\" data-alignment=\"default\"><div style=\"height: 40px;\" class=\"divider\"><\/div><\/div><a class=\"nectar-button small see-through accent-color\" style=\"border-color: #601721; color: #601721;\"  href=\"https:\/\/opj.ces.uc.pt\/wp-content\/uploads\/2021\/10\/observador.pt-UE-vai-reforc\u0327ar-ajuda-a-Angola-no-c-ombate-a-corrupcao-e-rec-uperac\u0327a\u0303o-denbspativos.pdf\" data-color-override=\"#601721\" data-hover-color-override=\"false\" data-hover-text-color-override=\"#fff\"><span>Observador | 20\/10\/2021<\/span><\/a><div class=\"divider-wrap\" data-alignment=\"default\"><div style=\"height: 20px;\" class=\"divider\"><\/div><\/div><a class=\"nectar-button small see-through accent-color\" style=\"border-color: #601721; color: #601721;\"  href=\"https:\/\/opj.ces.uc.pt\/wp-content\/uploads\/2021\/10\/Visa\u0303o.pdf\" data-color-override=\"#601721\" data-hover-color-override=\"false\" data-hover-text-color-override=\"#fff\"><span>Vis\u00e3o | 20\/10\/2021<\/span><\/a><div class=\"divider-wrap\" data-alignment=\"default\"><div style=\"height: 20px;\" class=\"divider\"><\/div><\/div><a class=\"nectar-button small see-through accent-color\" style=\"border-color: #601721; color: #601721;\"  href=\"https:\/\/opj.ces.uc.pt\/wp-content\/uploads\/2021\/10\/Lusa.pdf\" data-color-override=\"#601721\" data-hover-color-override=\"false\" data-hover-text-color-override=\"#fff\"><span>Lusa | 20\/10\/2021<\/span><\/a>\n\t\t\t<\/div> \n\t\t<\/div>\n\t<\/div> \n<\/div><\/div>","protected":false},"excerpt":{"rendered":"Coopera\u00e7\u00e3o Internacional, Governa\u00e7\u00e3o e Estado de Direito 20 e 21 de outubro de 2021 Evento em formato digital O Semin\u00e1rio \u201cCoopera\u00e7\u00e3o Internacional, Governa\u00e7\u00e3o e Estado de direito\u201d foi realizado em...","protected":false},"author":1,"featured_media":3397,"comment_status":"closed","ping_status":"open","sticky":false,"template":"","format":"standard","meta":{"footnotes":""},"categories":[2],"tags":[],"class_list":{"0":"post-2974","1":"post","2":"type-post","3":"status-publish","4":"format-standard","5":"has-post-thumbnail","7":"category-destaques"},"_links":{"self":[{"href":"https:\/\/opj.ces.uc.pt\/en\/wp-json\/wp\/v2\/posts\/2974","targetHints":{"allow":["GET"]}}],"collection":[{"href":"https:\/\/opj.ces.uc.pt\/en\/wp-json\/wp\/v2\/posts"}],"about":[{"href":"https:\/\/opj.ces.uc.pt\/en\/wp-json\/wp\/v2\/types\/post"}],"author":[{"embeddable":true,"href":"https:\/\/opj.ces.uc.pt\/en\/wp-json\/wp\/v2\/users\/1"}],"replies":[{"embeddable":true,"href":"https:\/\/opj.ces.uc.pt\/en\/wp-json\/wp\/v2\/comments?post=2974"}],"version-history":[{"count":19,"href":"https:\/\/opj.ces.uc.pt\/en\/wp-json\/wp\/v2\/posts\/2974\/revisions"}],"predecessor-version":[{"id":3341,"href":"https:\/\/opj.ces.uc.pt\/en\/wp-json\/wp\/v2\/posts\/2974\/revisions\/3341"}],"wp:featuredmedia":[{"embeddable":true,"href":"https:\/\/opj.ces.uc.pt\/en\/wp-json\/wp\/v2\/media\/3397"}],"wp:attachment":[{"href":"https:\/\/opj.ces.uc.pt\/en\/wp-json\/wp\/v2\/media?parent=2974"}],"wp:term":[{"taxonomy":"category","embeddable":true,"href":"https:\/\/opj.ces.uc.pt\/en\/wp-json\/wp\/v2\/categories?post=2974"},{"taxonomy":"post_tag","embeddable":true,"href":"https:\/\/opj.ces.uc.pt\/en\/wp-json\/wp\/v2\/tags?post=2974"}],"curies":[{"name":"wp","href":"https:\/\/api.w.org\/{rel}","templated":true}]}}