{"id":2987,"date":"2021-10-17T22:05:06","date_gmt":"2021-10-17T22:05:06","guid":{"rendered":"https:\/\/opj.ces.uc.pt\/?p=2987"},"modified":"2021-11-12T13:53:55","modified_gmt":"2021-11-12T13:53:55","slug":"seminario-benac-a-repressao-da-corrupcao-e-os-tribunais-a-ineficiencia-da-luta-contra-a-corrupcao-11-de-novembro","status":"publish","type":"post","link":"https:\/\/opj.ces.uc.pt\/en\/2021\/10\/17\/seminario-benac-a-repressao-da-corrupcao-e-os-tribunais-a-ineficiencia-da-luta-contra-a-corrupcao-11-de-novembro\/","title":{"rendered":"Semin\u00e1rio BeNAC: a repress\u00e3o da corrup\u00e7\u00e3o e os tribunais: a (in)efici\u00eancia da luta contra a corrup\u00e7\u00e3o \u2013 11 de novembro"},"content":{"rendered":"<div id=\"fws_69f386b49ac4f\"  data-midnight=\"dark\"  data-bg-mobile-hidden=\"\" class=\"wpb_row vc_row-fluid vc_row standard_section\"  style=\"padding-top: 0px; padding-bottom: 0px; \"><div class=\"row-bg-wrap\" data-bg-animation=\"none\"><div class=\"inner-wrap\"><div class=\"row-bg\"  style=\"\"><\/div><\/div><div class=\"row-bg-overlay\" ><\/div><\/div><div class=\"col span_12 dark left\">\n\t<div  class=\"vc_col-sm-12 wpb_column column_container vc_column_container col no-extra-padding\"  data-t-w-inherits=\"default\" data-border-radius=\"none\" data-shadow=\"none\" data-border-animation=\"\" data-border-animation-delay=\"\" data-border-width=\"none\" data-border-style=\"solid\" data-border-color=\"\" data-bg-cover=\"\" data-padding-pos=\"all\" data-has-bg-color=\"false\" data-bg-color=\"\" data-bg-opacity=\"1\" data-hover-bg=\"\" data-hover-bg-opacity=\"1\" data-animation=\"\" data-delay=\"0\"><div class=\"column-bg-overlay\"><\/div>\n\t\t<div class=\"vc_column-inner\">\n\t\t\t<div class=\"wpb_wrapper\">\n\t\t\t\t\r\n\t<div class=\"wpb_text_column wpb_content_element\" >\r\n\t\t<div class=\"wpb_wrapper\">\r\n\t\t\t<p><strong>Data:<\/strong>\u00a011 de novembro de 2021 \u2013 quinta-feira \u2013 15 \u00e0s 17 horas<\/p>\n<p><strong>Local:<\/strong>\u00a0Virtual<\/p>\n<p><strong>Oradores\/as:<\/strong><\/p>\n<p>\u2013 Artur Marques \u2013 Advogado<\/p>\n<p>\u2013 Carlos Casimiro Nunes \u2013 Procurador da Rep\u00fablica no Departamento Central de Investiga\u00e7\u00e3o Criminal<\/p>\n<p>\u2013 Renato Barroso \u2013 Juiz-Desembargador do Tribunal da Rela\u00e7\u00e3o de Guimar\u00e3es<\/p>\n<p><strong>Comentadora:<\/strong>\u00a0Rita Soares \u2013 Jornalista da Antena 1<\/p>\n<p><strong>Moderador:<\/strong>\u00a0Jos\u00e9 Mouraz Lopes \u2013 Juiz-Conselheiro do Tribunal de Contas<\/p>\n<p>Os m\u00e9ritos, das pol\u00edticas p\u00fablicas e do quadro normativo de preven\u00e7\u00e3o e repress\u00e3o da corrup\u00e7\u00e3o, ser\u00e3o muito enfraquecidos sem um sistema de justi\u00e7a eficiente e eficaz. Se, a montante, predomina a unanimidade na hora de enuncia\u00e7\u00e3o geral e abstrata dos des\u00edgnios de combate \u00e0 corrup\u00e7\u00e3o, a jusante, no entanto, multiplica-se o dissenso sobre a capacidade do sistema judicial para lidar e resolver os casos concretos que o mobilizam. As cr\u00edticas s\u00e3o dispersas e, em menor ou maior intensidade, transversais a todas as fases e a todos os sujeitos do processo criminal, da investiga\u00e7\u00e3o aos recursos, do arguido aos atores judiciais. Nesta sess\u00e3o, procura-se enfrentar essa perce\u00e7\u00e3o multifacetada, das inefici\u00eancias do sistema de justi\u00e7a, com vista a sistematizar, cruzar e debater as suas poss\u00edveis causas. Por via de uma dial\u00e9tica cr\u00edtica protagonizada por diferentes atores do palco judicial, pretende-se, a final, tra\u00e7ar um diagn\u00f3stico sobre os segmentos mais cr\u00edticos do sistema de justi\u00e7a criminal e descortinar poss\u00edveis solu\u00e7\u00f5es que contribuam para melhorar a efici\u00eancia e efic\u00e1cia processuais sem desfigurar a fisionomia e as garantias constitucionalmente inscritas do processo criminal.<\/p>\n<p><strong>Local:<\/strong><strong>\u00a0<\/strong>Plataforma Zoom (inscri\u00e7\u00e3o\u00a0<a href=\"https:\/\/ces.uc.pt\/pt\/agenda-noticias\/agenda-de-eventos\/2021\/a-repressao-da-corrupcao-e-os-tribunais\/inscricao\">Registration form<\/a>)<\/p>\n\r\n\t\t<\/div>\r\n\t<\/div>\r\n<div class=\"divider-wrap\" data-alignment=\"default\"><div style=\"height: 40px;\" class=\"divider\"><\/div><\/div>\n\t\t\t<\/div> \n\t\t<\/div>\n\t<\/div> \n<\/div><\/div>","protected":false},"excerpt":{"rendered":"Data:\u00a011 de novembro de 2021 \u2013 quinta-feira \u2013 15 \u00e0s 17 horas Local:\u00a0Virtual Oradores\/as: \u2013 Artur Marques \u2013 Advogado \u2013 Carlos Casimiro Nunes \u2013 Procurador da Rep\u00fablica no Departamento Central...","protected":false},"author":1,"featured_media":2988,"comment_status":"closed","ping_status":"open","sticky":false,"template":"","format":"standard","meta":{"footnotes":""},"categories":[8],"tags":[],"class_list":{"0":"post-2987","1":"post","2":"type-post","3":"status-publish","4":"format-standard","5":"has-post-thumbnail","7":"category-extra"},"_links":{"self":[{"href":"https:\/\/opj.ces.uc.pt\/en\/wp-json\/wp\/v2\/posts\/2987","targetHints":{"allow":["GET"]}}],"collection":[{"href":"https:\/\/opj.ces.uc.pt\/en\/wp-json\/wp\/v2\/posts"}],"about":[{"href":"https:\/\/opj.ces.uc.pt\/en\/wp-json\/wp\/v2\/types\/post"}],"author":[{"embeddable":true,"href":"https:\/\/opj.ces.uc.pt\/en\/wp-json\/wp\/v2\/users\/1"}],"replies":[{"embeddable":true,"href":"https:\/\/opj.ces.uc.pt\/en\/wp-json\/wp\/v2\/comments?post=2987"}],"version-history":[{"count":3,"href":"https:\/\/opj.ces.uc.pt\/en\/wp-json\/wp\/v2\/posts\/2987\/revisions"}],"predecessor-version":[{"id":2991,"href":"https:\/\/opj.ces.uc.pt\/en\/wp-json\/wp\/v2\/posts\/2987\/revisions\/2991"}],"wp:featuredmedia":[{"embeddable":true,"href":"https:\/\/opj.ces.uc.pt\/en\/wp-json\/wp\/v2\/media\/2988"}],"wp:attachment":[{"href":"https:\/\/opj.ces.uc.pt\/en\/wp-json\/wp\/v2\/media?parent=2987"}],"wp:term":[{"taxonomy":"category","embeddable":true,"href":"https:\/\/opj.ces.uc.pt\/en\/wp-json\/wp\/v2\/categories?post=2987"},{"taxonomy":"post_tag","embeddable":true,"href":"https:\/\/opj.ces.uc.pt\/en\/wp-json\/wp\/v2\/tags?post=2987"}],"curies":[{"name":"wp","href":"https:\/\/api.w.org\/{rel}","templated":true}]}}