{"id":3741,"date":"2023-09-26T13:36:10","date_gmt":"2023-09-26T13:36:10","guid":{"rendered":"https:\/\/opj.ces.uc.pt\/?p=3741"},"modified":"2024-03-10T21:54:25","modified_gmt":"2024-03-10T21:54:25","slug":"sociedade-justica-e-prisoes-em-democracia","status":"publish","type":"post","link":"https:\/\/opj.ces.uc.pt\/en\/2023\/09\/26\/sociedade-justica-e-prisoes-em-democracia\/","title":{"rendered":"Sociedade, Justi\u00e7a e Pris\u00f5es em Democracia"},"content":{"rendered":"<div id=\"fws_69f2889e5a843\"  data-midnight=\"dark\"  data-bg-mobile-hidden=\"\" class=\"wpb_row vc_row-fluid vc_row standard_section\"  style=\"padding-top: 0px; padding-bottom: 0px; \"><div class=\"row-bg-wrap\" data-bg-animation=\"none\"><div class=\"inner-wrap\"><div class=\"row-bg\"  style=\"\"><\/div><\/div><div class=\"row-bg-overlay\" ><\/div><\/div><div class=\"col span_12 dark left\">\n\t<div  class=\"vc_col-sm-12 wpb_column column_container vc_column_container col no-extra-padding\"  data-t-w-inherits=\"default\" data-border-radius=\"none\" data-shadow=\"none\" data-border-animation=\"\" data-border-animation-delay=\"\" data-border-width=\"none\" data-border-style=\"solid\" data-border-color=\"\" data-bg-cover=\"\" data-padding-pos=\"all\" data-has-bg-color=\"false\" data-bg-color=\"\" data-bg-opacity=\"1\" data-hover-bg=\"\" data-hover-bg-opacity=\"1\" data-animation=\"\" data-delay=\"0\"><div class=\"column-bg-overlay\"><\/div>\n\t\t<div class=\"vc_column-inner\">\n\t\t\t<div class=\"wpb_wrapper\">\n\t\t\t\t<a class=\"nectar-button small see-through accent-color has-icon\" style=\"border-color: #581634; color: #581634;\" target=\"_blank\" href=\"https:\/\/opj.ces.uc.pt\/wp-content\/uploads\/2023\/11\/Cartaz.pdf\" data-color-override=\"#581634\" data-hover-color-override=\"false\" data-hover-text-color-override=\"#fff\"><span>Cartaz<\/span><i  class=\"\"><\/i><\/a><div class=\"divider-wrap\" data-alignment=\"default\"><div style=\"height: 40px;\" class=\"divider\"><\/div><\/div>\r\n    \t<div id=\"fws_69f2889e5adef\" data-midnight=\"\" data-column-margin=\"default\" data-bg-mobile-hidden=\"\" class=\"wpb_row vc_row-fluid vc_row inner_row standard_section\"  style=\"padding-top: 0px; padding-bottom: 0px; \"><div class=\"row-bg-wrap\"> <div class=\"row-bg\"  style=\"\"><\/div> <\/div><div class=\"col span_12  left\">\n\t<div  class=\"vc_col-sm-12 wpb_column column_container vc_column_container col no-extra-padding\"   data-t-w-inherits=\"default\" data-shadow=\"none\" data-border-radius=\"none\" data-border-animation=\"\" data-border-animation-delay=\"\" data-border-width=\"none\" data-border-style=\"solid\" data-border-color=\"\" data-bg-cover=\"\" data-padding-pos=\"all\" data-has-bg-color=\"false\" data-bg-color=\"\" data-bg-opacity=\"1\" data-hover-bg=\"\" data-hover-bg-opacity=\"1\" data-animation=\"\" data-delay=\"0\"><div class=\"column-bg-overlay\"><\/div>\n\t\t<div class=\"vc_column-inner\">\n\t\t<div class=\"wpb_wrapper\">\n\t\t\t\r\n\t<div class=\"wpb_text_column wpb_content_element\" >\r\n\t\t<div class=\"wpb_wrapper\">\r\n\t\t\t<p class=\"header-event-category\"><strong>Ciclo de Encontros<\/strong><\/p>\n<p>A reflex\u00e3o sobre as pris\u00f5es em democracia desafia-nos a olhar para l\u00e1 do espa\u00e7o prisional, considerando tanto o sistema de penas, os processos pol\u00edtico-jur\u00eddicos que regulam a condi\u00e7\u00e3o de recluso e o seu regresso ao meio livre (habita\u00e7\u00e3o, seguran\u00e7a, prote\u00e7\u00e3o, sa\u00fade, ensino, forma\u00e7\u00e3o, rela\u00e7\u00f5es com o exterior), como a sua aplica\u00e7\u00e3o pr\u00e1tica. O \u201cvelho\u201d problema da sobrelota\u00e7\u00e3o prisional lan\u00e7a especiais desafios \u00e0s pol\u00edticas p\u00fablicas e ao sistema de penas. \u00c9 fundamental refletir sobre as pol\u00edticas de criminaliza\u00e7\u00e3o\/ descriminaliza\u00e7\u00e3o de condutas e sobre at\u00e9 que ponto o sistema de penas e\/ou a sua aplica\u00e7\u00e3o est\u00e3o a transferir, de forma excessiva, para o campo penal problemas que exigem outras medidas pol\u00edticas e sociais.<\/p>\n<p>No plano do sistema prisional, se \u00e9 certo que as pol\u00edticas p\u00fablicas a ele dirigidas s\u00e3o orientadas pelos objetivos de reinser\u00e7\u00e3o social, os v\u00e1rios diagn\u00f3sticos sobre o sistema prisional portugu\u00eas continuam a evidenciar fragilidades estruturais em v\u00e1rios dom\u00ednios, desde infraestruturas, recursos humanos, materiais e financeiros, passando pela sa\u00fade, educa\u00e7\u00e3o ou forma\u00e7\u00e3o. A recorrente condena\u00e7\u00e3o do Estado Portugu\u00eas pelo Tribunal Europeu dos Direitos Humanos, em consequ\u00eancia das condi\u00e7\u00f5es de encarceramento \u00e9 denunciadora dessas fragilidades. O Observat\u00f3rio Permanente da Justi\u00e7a do Centro de Estudos Sociais da Universidade de Coimbra desenvolveu o estudo \u201cPara uma reforma do sistema prisional &#8211; o caso da aplica\u00e7\u00e3o do Estatuto do Corpo da Guarda Prisional\u201d, cujo diagn\u00f3stico mostra tamb\u00e9m a situa\u00e7\u00e3o complexa em que se encontra o sistema prisional portugu\u00eas.<\/p>\n<p>O <strong>ciclo de Encontros<\/strong> que se apesenta procura refletir de forma integrada sobre os problemas e os desafios que circundam o sistema prisional e, consequentemente, sobre a \u201cmelhor\u201d agenda estrat\u00e9gica de reforma do sistema prisional.<\/p>\n\r\n\t\t<\/div>\r\n\t<\/div>\r\n<div class=\"divider-wrap\" data-alignment=\"default\"><div style=\"height: 40px;\" class=\"divider\"><\/div><\/div><div class=\"divider-wrap\" data-alignment=\"default\"><div style=\"margin-top: 12px; height: 1px; margin-bottom: 12px;\" data-width=\"100%\" data-animate=\"\" data-animation-delay=\"\" data-color=\"default\" class=\"divider-border\"><\/div><\/div>\n\t\t<\/div> \n\t<\/div>\n\t<\/div> \n<\/div><\/div>\r\n    \t<div id=\"fws_69f2889e5b128\" data-midnight=\"\" data-column-margin=\"default\" data-bg-mobile-hidden=\"\" class=\"wpb_row vc_row-fluid vc_row inner_row standard_section\"  style=\"padding-top: 0px; padding-bottom: 0px; \"><div class=\"row-bg-wrap\"> <div class=\"row-bg\"  style=\"\"><\/div> <\/div><div class=\"col span_12  left\">\n\t<div  class=\"vc_col-sm-4 wpb_column column_container vc_column_container col no-extra-padding\"   data-t-w-inherits=\"default\" data-shadow=\"none\" data-border-radius=\"none\" data-border-animation=\"\" data-border-animation-delay=\"\" data-border-width=\"none\" data-border-style=\"solid\" data-border-color=\"\" data-bg-cover=\"\" data-padding-pos=\"all\" data-has-bg-color=\"false\" data-bg-color=\"\" data-bg-opacity=\"1\" data-hover-bg=\"\" data-hover-bg-opacity=\"1\" data-animation=\"\" data-delay=\"0\"><div class=\"column-bg-overlay\"><\/div>\n\t\t<div class=\"vc_column-inner\">\n\t\t<div class=\"wpb_wrapper\">\n\t\t\t\r\n\t<div class=\"wpb_text_column wpb_content_element\" >\r\n\t\t<div class=\"wpb_wrapper\">\r\n\t\t\t<p class=\"agenda-category\">Encontro 1<\/p>\n<p class=\"agenda-title default-color\"><span style=\"color: #800000;\"><strong>Criminalidade, sistema de penas e tempo de pris\u00e3o\u00a0<\/strong><\/span><span id=\"edit_43928\"><\/span><\/p>\n<p class=\"agenda-date\"><strong>11 de outubro de 2023<\/strong>, 14h30 (GMT+1)<\/p>\n<p class=\"agenda-venue\">Online event<\/p>\n\r\n\t\t<\/div>\r\n\t<\/div>\r\n<div class=\"divider-wrap\" data-alignment=\"default\"><div style=\"height: 20px;\" class=\"divider\"><\/div><\/div><a class=\"nectar-button small see-through accent-color has-icon\" style=\"border-color: #771c2c; color: #771c2c;\" target=\"_blank\" href=\"https:\/\/opj.ces.uc.pt\/en\/2023\/09\/26\/encontro-1\/\" data-color-override=\"#771c2c\" data-hover-color-override=\"false\" data-hover-text-color-override=\"#fff\"><span>PROGRAMME<\/span><i  class=\"fa fa-list\"><\/i><\/a>\n\t\t<\/div> \n\t<\/div>\n\t<\/div> \n\n\t<div  class=\"vc_col-sm-4 wpb_column column_container vc_column_container col no-extra-padding\"   data-t-w-inherits=\"default\" data-shadow=\"none\" data-border-radius=\"none\" data-border-animation=\"\" data-border-animation-delay=\"\" data-border-width=\"none\" data-border-style=\"solid\" data-border-color=\"\" data-bg-cover=\"\" data-padding-pos=\"all\" data-has-bg-color=\"false\" data-bg-color=\"\" data-bg-opacity=\"1\" data-hover-bg=\"\" data-hover-bg-opacity=\"1\" data-animation=\"\" data-delay=\"0\"><div class=\"column-bg-overlay\"><\/div>\n\t\t<div class=\"vc_column-inner\">\n\t\t<div class=\"wpb_wrapper\">\n\t\t\t\r\n\t<div class=\"wpb_text_column wpb_content_element\" >\r\n\t\t<div class=\"wpb_wrapper\">\r\n\t\t\t<p class=\"agenda-category\">Encontro 2<\/p>\n<p class=\"agenda-title default-color\"><span style=\"color: #800000;\"><strong>O espa\u00e7o de reclus\u00e3o: organiza\u00e7\u00e3o e funcionamento das pris\u00f5es em Portugal<\/strong><\/span><span id=\"edit_43930\"><\/span><\/p>\n<p class=\"agenda-date\"><strong>8 de novembro de 2023<\/strong>, 14h30 (GMT)<\/p>\n<p class=\"agenda-venue\">Online event<\/p>\n\r\n\t\t<\/div>\r\n\t<\/div>\r\n<div class=\"divider-wrap\" data-alignment=\"default\"><div style=\"height: 20px;\" class=\"divider\"><\/div><\/div><a class=\"nectar-button small see-through accent-color has-icon\" style=\"border-color: #771c2c; color: #771c2c;\" target=\"_blank\" href=\"https:\/\/opj.ces.uc.pt\/en\/2023\/09\/26\/o-espaco-de-reclusao-organizacao-e-funcionamento-das-prisoes-em-portugal\/\" data-color-override=\"#771c2c\" data-hover-color-override=\"false\" data-hover-text-color-override=\"#fff\"><span>PROGRAMME<\/span><i  class=\"fa fa-list\"><\/i><\/a>\n\t\t<\/div> \n\t<\/div>\n\t<\/div> \n\n\t<div  class=\"vc_col-sm-4 wpb_column column_container vc_column_container col no-extra-padding\"   data-t-w-inherits=\"default\" data-shadow=\"none\" data-border-radius=\"none\" data-border-animation=\"\" data-border-animation-delay=\"\" data-border-width=\"none\" data-border-style=\"solid\" data-border-color=\"\" data-bg-cover=\"\" data-padding-pos=\"all\" data-has-bg-color=\"false\" data-bg-color=\"\" data-bg-opacity=\"1\" data-hover-bg=\"\" data-hover-bg-opacity=\"1\" data-animation=\"\" data-delay=\"0\"><div class=\"column-bg-overlay\"><\/div>\n\t\t<div class=\"vc_column-inner\">\n\t\t<div class=\"wpb_wrapper\">\n\t\t\t\r\n\t<div class=\"wpb_text_column wpb_content_element\" >\r\n\t\t<div class=\"wpb_wrapper\">\r\n\t\t\t<p class=\"agenda-title default-color\">Encontro 3<\/p>\n<p class=\"agenda-title default-color\"><span style=\"color: #800000;\"><strong>Trabalhar em pris\u00f5es: condi\u00e7\u00f5es laborais em contexto prisional<\/strong><\/span><span id=\"edit_43932\"><\/span><\/p>\n<p class=\"agenda-date\"><strong>6 de dezembro de 2023<\/strong>, 14h30 (GMT)<\/p>\n<p class=\"agenda-venue\">Evento em formato digital &gt;&gt;\u00a0Inscri\u00e7\u00f5es\u00a0abertas<\/p>\n\r\n\t\t<\/div>\r\n\t<\/div>\r\n<div class=\"divider-wrap\" data-alignment=\"default\"><div style=\"height: 20px;\" class=\"divider\"><\/div><\/div><a class=\"nectar-button small see-through accent-color has-icon\" style=\"border-color: #771c2c; color: #771c2c;\" target=\"_blank\" href=\"https:\/\/opj.ces.uc.pt\/en\/2023\/09\/26\/trabalhar-em-prisoes-condicoes-laborais-em-contexto-prisional\/\" data-color-override=\"#771c2c\" data-hover-color-override=\"false\" data-hover-text-color-override=\"#fff\"><span>PROGRAMME<\/span><i  class=\"fa fa-list\"><\/i><\/a>\n\t\t<\/div> \n\t<\/div>\n\t<\/div> \n<\/div><\/div>\n\t\t\t<\/div> \n\t\t<\/div>\n\t<\/div> \n<\/div><\/div>","protected":false},"excerpt":{"rendered":"Cartaz Ciclo de Encontros A reflex\u00e3o sobre as pris\u00f5es em democracia desafia-nos a olhar para l\u00e1 do espa\u00e7o prisional, considerando tanto o sistema de penas, os processos pol\u00edtico-jur\u00eddicos que regulam...","protected":false},"author":1,"featured_media":3743,"comment_status":"closed","ping_status":"closed","sticky":false,"template":"","format":"standard","meta":{"footnotes":""},"categories":[2],"tags":[],"class_list":{"0":"post-3741","1":"post","2":"type-post","3":"status-publish","4":"format-standard","5":"has-post-thumbnail","7":"category-destaques"},"_links":{"self":[{"href":"https:\/\/opj.ces.uc.pt\/en\/wp-json\/wp\/v2\/posts\/3741","targetHints":{"allow":["GET"]}}],"collection":[{"href":"https:\/\/opj.ces.uc.pt\/en\/wp-json\/wp\/v2\/posts"}],"about":[{"href":"https:\/\/opj.ces.uc.pt\/en\/wp-json\/wp\/v2\/types\/post"}],"author":[{"embeddable":true,"href":"https:\/\/opj.ces.uc.pt\/en\/wp-json\/wp\/v2\/users\/1"}],"replies":[{"embeddable":true,"href":"https:\/\/opj.ces.uc.pt\/en\/wp-json\/wp\/v2\/comments?post=3741"}],"version-history":[{"count":13,"href":"https:\/\/opj.ces.uc.pt\/en\/wp-json\/wp\/v2\/posts\/3741\/revisions"}],"predecessor-version":[{"id":3805,"href":"https:\/\/opj.ces.uc.pt\/en\/wp-json\/wp\/v2\/posts\/3741\/revisions\/3805"}],"wp:featuredmedia":[{"embeddable":true,"href":"https:\/\/opj.ces.uc.pt\/en\/wp-json\/wp\/v2\/media\/3743"}],"wp:attachment":[{"href":"https:\/\/opj.ces.uc.pt\/en\/wp-json\/wp\/v2\/media?parent=3741"}],"wp:term":[{"taxonomy":"category","embeddable":true,"href":"https:\/\/opj.ces.uc.pt\/en\/wp-json\/wp\/v2\/categories?post=3741"},{"taxonomy":"post_tag","embeddable":true,"href":"https:\/\/opj.ces.uc.pt\/en\/wp-json\/wp\/v2\/tags?post=3741"}],"curies":[{"name":"wp","href":"https:\/\/api.w.org\/{rel}","templated":true}]}}