{"id":3887,"date":"2024-03-10T21:59:12","date_gmt":"2024-03-10T21:59:12","guid":{"rendered":"https:\/\/opj.ces.uc.pt\/?p=3887"},"modified":"2025-01-21T22:45:36","modified_gmt":"2025-01-21T22:45:36","slug":"joao-paulo-dias-e-paula-casaleiro-apresentam-o-estudo-sobre-condicoes-de-trabalho-desgaste-profissional-e-bem-estar-dos-as-magistrados-as-do-ministerio-publico","status":"publish","type":"post","link":"https:\/\/opj.ces.uc.pt\/en\/2024\/03\/10\/joao-paulo-dias-e-paula-casaleiro-apresentam-o-estudo-sobre-condicoes-de-trabalho-desgaste-profissional-e-bem-estar-dos-as-magistrados-as-do-ministerio-publico\/","title":{"rendered":"Estudo sobre condi\u00e7\u00f5es de trabalho, desgaste profissional e bem-estar dos\/as magistrados\/as do Minist\u00e9rio P\u00fablico"},"content":{"rendered":"<div id=\"fws_69f32eef8eab2\"  data-midnight=\"dark\"  data-bg-mobile-hidden=\"\" class=\"wpb_row vc_row-fluid vc_row standard_section\"  style=\"padding-top: 0px; padding-bottom: 0px; \"><div class=\"row-bg-wrap\" data-bg-animation=\"none\"><div class=\"inner-wrap\"><div class=\"row-bg\"  style=\"\"><\/div><\/div><div class=\"row-bg-overlay\" ><\/div><\/div><div class=\"col span_12 dark left\">\n\t<div  class=\"vc_col-sm-12 wpb_column column_container vc_column_container col no-extra-padding\"  data-t-w-inherits=\"default\" data-border-radius=\"none\" data-shadow=\"none\" data-border-animation=\"\" data-border-animation-delay=\"\" data-border-width=\"none\" data-border-style=\"solid\" data-border-color=\"\" data-bg-cover=\"\" data-padding-pos=\"all\" data-has-bg-color=\"false\" data-bg-color=\"\" data-bg-opacity=\"1\" data-hover-bg=\"\" data-hover-bg-opacity=\"1\" data-animation=\"\" data-delay=\"0\"><div class=\"column-bg-overlay\"><\/div>\n\t\t<div class=\"vc_column-inner\">\n\t\t\t<div class=\"wpb_wrapper\">\n\t\t\t\t\r\n\t<div class=\"wpb_text_column wpb_content_element\" >\r\n\t\t<div class=\"wpb_wrapper\">\r\n\t\t\t<p style=\"font-weight: 400;\">Jo\u00e3o Paulo Dias e Paula Casaleiro apresentam os resultados preliminares do Estudo desenvolvido no \u00e2mbito do Observat\u00f3rio Permanente da Justi\u00e7a \u00a0sobre \u201ccondi\u00e7\u00f5es de trabalho, desgaste profissional e bem-estar dos\/as magistrados\/as do Minist\u00e9rio P\u00fablico portugueses\/as&#8221;, no XII Congresso do Minist\u00e9rio P\u00fablico, que decorre entre 29 de fevereiro e 2 de mar\u00e7o, em Ponta Delgada (A\u00e7ores), organizado pelo Sindicato dos Magistrados do Minist\u00e9rio P\u00fablico. Este estudo tem como objetivo avaliar as condi\u00e7\u00f5es de trabalho, o desgaste profissional (burnout), a sa\u00fade e o bem-estar dos\/as magistrados\/as do Minist\u00e9rio P\u00fablico a exercer fun\u00e7\u00f5es nos tribunais portugueses, tendo aplicado, entre outros instrumentos metodol\u00f3gicos, um inqu\u00e9rito por question\u00e1rio e entrevistas semiestruturadas.<\/p>\n\r\n\t\t<\/div>\r\n\t<\/div>\r\n\r\n    \t<div id=\"fws_69f32eef8ee4e\" data-midnight=\"\" data-column-margin=\"default\" data-bg-mobile-hidden=\"\" class=\"wpb_row vc_row-fluid vc_row inner_row standard_section\"  style=\"padding-top: 0px; padding-bottom: 0px; \"><div class=\"row-bg-wrap\"> <div class=\"row-bg\"  style=\"\"><\/div> <\/div><div class=\"col span_12  left\">\n\t<div  class=\"vc_col-sm-12 wpb_column column_container vc_column_container col no-extra-padding\"   data-t-w-inherits=\"default\" data-shadow=\"none\" data-border-radius=\"none\" data-border-animation=\"\" data-border-animation-delay=\"\" data-border-width=\"none\" data-border-style=\"solid\" data-border-color=\"\" data-bg-cover=\"\" data-padding-pos=\"all\" data-has-bg-color=\"false\" data-bg-color=\"\" data-bg-opacity=\"1\" data-hover-bg=\"\" data-hover-bg-opacity=\"1\" data-animation=\"\" data-delay=\"0\"><div class=\"column-bg-overlay\"><\/div>\n\t\t<div class=\"vc_column-inner\">\n\t\t<div class=\"wpb_wrapper\">\n\t\t\t<div class=\"divider-wrap\" data-alignment=\"default\"><div style=\"height: 20px;\" class=\"divider\"><\/div><\/div>\r\n\t<div class=\"wpb_text_column wpb_content_element\" >\r\n\t\t<div class=\"wpb_wrapper\">\r\n\t\t\t<a class=\"nectar-button small see-through accent-color has-icon\" style=\"border-color: #581634; color: #581634;\" target=\"_blank\" href=\"https:\/\/www.publico.pt\/2024\/02\/29\/sociedade\/noticia\/saude-mental-procuradores-preocupante-juizes-2082113\" data-color-override=\"#581634\" data-hover-color-override=\"false\" data-hover-text-color-override=\"#fff\"><span>News item<\/span><i  class=\"fa fa-television\"><\/i><\/a>\n\r\n\t\t<\/div>\r\n\t<\/div>\r\n\n\t\t<\/div> \n\t<\/div>\n\t<\/div> \n<\/div><\/div>\n\t\t\t<\/div> \n\t\t<\/div>\n\t<\/div> \n<\/div><\/div>","protected":false},"excerpt":{"rendered":"Jo\u00e3o Paulo Dias e Paula Casaleiro apresentam os resultados preliminares do Estudo desenvolvido no \u00e2mbito do Observat\u00f3rio Permanente da Justi\u00e7a \u00a0sobre \u201ccondi\u00e7\u00f5es de trabalho, desgaste profissional e bem-estar dos\/as magistrados\/as...","protected":false},"author":1,"featured_media":3889,"comment_status":"closed","ping_status":"closed","sticky":false,"template":"","format":"standard","meta":{"footnotes":""},"categories":[7],"tags":[],"class_list":{"0":"post-3887","1":"post","2":"type-post","3":"status-publish","4":"format-standard","5":"has-post-thumbnail","7":"category-segundo-destaque"},"_links":{"self":[{"href":"https:\/\/opj.ces.uc.pt\/en\/wp-json\/wp\/v2\/posts\/3887","targetHints":{"allow":["GET"]}}],"collection":[{"href":"https:\/\/opj.ces.uc.pt\/en\/wp-json\/wp\/v2\/posts"}],"about":[{"href":"https:\/\/opj.ces.uc.pt\/en\/wp-json\/wp\/v2\/types\/post"}],"author":[{"embeddable":true,"href":"https:\/\/opj.ces.uc.pt\/en\/wp-json\/wp\/v2\/users\/1"}],"replies":[{"embeddable":true,"href":"https:\/\/opj.ces.uc.pt\/en\/wp-json\/wp\/v2\/comments?post=3887"}],"version-history":[{"count":3,"href":"https:\/\/opj.ces.uc.pt\/en\/wp-json\/wp\/v2\/posts\/3887\/revisions"}],"predecessor-version":[{"id":3892,"href":"https:\/\/opj.ces.uc.pt\/en\/wp-json\/wp\/v2\/posts\/3887\/revisions\/3892"}],"wp:featuredmedia":[{"embeddable":true,"href":"https:\/\/opj.ces.uc.pt\/en\/wp-json\/wp\/v2\/media\/3889"}],"wp:attachment":[{"href":"https:\/\/opj.ces.uc.pt\/en\/wp-json\/wp\/v2\/media?parent=3887"}],"wp:term":[{"taxonomy":"category","embeddable":true,"href":"https:\/\/opj.ces.uc.pt\/en\/wp-json\/wp\/v2\/categories?post=3887"},{"taxonomy":"post_tag","embeddable":true,"href":"https:\/\/opj.ces.uc.pt\/en\/wp-json\/wp\/v2\/tags?post=3887"}],"curies":[{"name":"wp","href":"https:\/\/api.w.org\/{rel}","templated":true}]}}