{"id":4025,"date":"2024-10-12T11:40:42","date_gmt":"2024-10-12T11:40:42","guid":{"rendered":"https:\/\/opj.ces.uc.pt\/?p=4025"},"modified":"2024-10-12T11:59:46","modified_gmt":"2024-10-12T11:59:46","slug":"condicoes-de-trabalho-e-desgaste-profissional-dos-magistrados-apresentacao-publica-do-estudo","status":"publish","type":"post","link":"https:\/\/opj.ces.uc.pt\/en\/2024\/10\/12\/condicoes-de-trabalho-e-desgaste-profissional-dos-magistrados-apresentacao-publica-do-estudo\/","title":{"rendered":"Condi\u00e7\u00f5es de trabalho e Desgaste Profissional dos Magistrados &#8211; Apresenta\u00e7\u00e3o publica do estudo"},"content":{"rendered":"<div id=\"fws_69f5a7e2a5412\"  data-midnight=\"dark\"  data-bg-mobile-hidden=\"\" class=\"wpb_row vc_row-fluid vc_row standard_section\"  style=\"padding-top: 0px; padding-bottom: 0px; \"><div class=\"row-bg-wrap\" data-bg-animation=\"none\"><div class=\"inner-wrap\"><div class=\"row-bg\"  style=\"\"><\/div><\/div><div class=\"row-bg-overlay\" ><\/div><\/div><div class=\"col span_12 dark left\">\n\t<div  class=\"vc_col-sm-12 wpb_column column_container vc_column_container col no-extra-padding\"  data-t-w-inherits=\"default\" data-border-radius=\"none\" data-shadow=\"none\" data-border-animation=\"\" data-border-animation-delay=\"\" data-border-width=\"none\" data-border-style=\"solid\" data-border-color=\"\" data-bg-cover=\"\" data-padding-pos=\"all\" data-has-bg-color=\"false\" data-bg-color=\"\" data-bg-opacity=\"1\" data-hover-bg=\"\" data-hover-bg-opacity=\"1\" data-animation=\"\" data-delay=\"0\"><div class=\"column-bg-overlay\"><\/div>\n\t\t<div class=\"vc_column-inner\">\n\t\t\t<div class=\"wpb_wrapper\">\n\t\t\t\t\n\t<div class=\"wpb_gallery wpb_content_element clearfix\">\n\t\t<div class=\"wpb_wrapper\"><div class=\"wpb_gallery_slides wpb_flexslider flex-gallery flexslider\" data-interval=\"5\" data-flex_fx=\"fade\"><ul class=\"slides\"><li><a href=\"https:\/\/opj.ces.uc.pt\/wp-content\/uploads\/2024\/10\/2024-09-26-Coloquio-Tri.-Relacao-148.jpg\"><img loading=\"lazy\" decoding=\"async\" class=\"skip-lazy\" src=\"https:\/\/opj.ces.uc.pt\/wp-content\/uploads\/2024\/10\/2024-09-26-Coloquio-Tri.-Relacao-148-400x266.jpg\" width=\"400\" height=\"266\" alt=\"2024-09-26 Colo\u0301quio Tri. Relac\u0327a\u0303o (148)\" title=\"2024-09-26 Colo\u0301quio Tri. Relac\u0327a\u0303o (148)\" \/><\/a><\/li><li><a href=\"https:\/\/opj.ces.uc.pt\/wp-content\/uploads\/2024\/10\/2024-09-26-Coloquio-Tri.-Relacao-144.jpg\"><img loading=\"lazy\" decoding=\"async\" class=\"skip-lazy\" src=\"https:\/\/opj.ces.uc.pt\/wp-content\/uploads\/2024\/10\/2024-09-26-Coloquio-Tri.-Relacao-144-400x266.jpg\" width=\"400\" height=\"266\" alt=\"2024-09-26 Colo\u0301quio Tri. Relac\u0327a\u0303o (144)\" title=\"2024-09-26 Colo\u0301quio Tri. Relac\u0327a\u0303o (144)\" \/><\/a><\/li><li><a href=\"https:\/\/opj.ces.uc.pt\/wp-content\/uploads\/2024\/10\/2024-09-26-Coloquio-Tri.-Relacao-47.jpg\"><img loading=\"lazy\" decoding=\"async\" class=\"skip-lazy\" src=\"https:\/\/opj.ces.uc.pt\/wp-content\/uploads\/2024\/10\/2024-09-26-Coloquio-Tri.-Relacao-47-400x266.jpg\" width=\"400\" height=\"266\" alt=\"2024-09-26 Colo\u0301quio Tri. Relac\u0327a\u0303o (47)\" title=\"2024-09-26 Colo\u0301quio Tri. Relac\u0327a\u0303o (47)\" \/><\/a><\/li><\/ul><\/div>\n\t\t<\/div> \n\t<\/div> \r\n\t<div class=\"wpb_text_column wpb_content_element\" >\r\n\t\t<div class=\"wpb_wrapper\">\r\n\t\t\t<p style=\"font-weight: 400;\">O OPJ desenvolveu nos \u00faltimos 2 anos dois estudos similares, mas independentes, sobre o desgaste profissional nas magistraturas judicial e do Minist\u00e9rio P\u00fablico, em colabora\u00e7\u00e3o com as entidades de gest\u00e3o do poder judicial e das associa\u00e7\u00f5es profissionais. As conclus\u00f5es foram apresentadas recentemente em diversos eventos, ap\u00f3s a entrega dos respetivos relat\u00f3rios finais, com o objetivo de devolver os resultados aos atores judiciais e promover a discuss\u00e3o das recomenda\u00e7\u00f5es propostas, bem como contribuir para a elabora\u00e7\u00e3o das necess\u00e1rias medidas a adotar.<\/p>\n\r\n\t\t<\/div>\r\n\t<\/div>\r\n\r\n    \t<div id=\"fws_69f5a7e2a82d2\" data-midnight=\"\" data-column-margin=\"default\" data-bg-mobile-hidden=\"\" class=\"wpb_row vc_row-fluid vc_row inner_row standard_section\"  style=\"padding-top: 0px; padding-bottom: 0px; \"><div class=\"row-bg-wrap\"> <div class=\"row-bg\"  style=\"\"><\/div> <\/div><div class=\"col span_12  left\">\n\t<div  class=\"vc_col-sm-12 wpb_column column_container vc_column_container col no-extra-padding\"   data-t-w-inherits=\"default\" data-shadow=\"none\" data-border-radius=\"none\" data-border-animation=\"\" data-border-animation-delay=\"\" data-border-width=\"none\" data-border-style=\"solid\" data-border-color=\"\" data-bg-cover=\"\" data-padding-pos=\"all\" data-has-bg-color=\"false\" data-bg-color=\"\" data-bg-opacity=\"1\" data-hover-bg=\"\" data-hover-bg-opacity=\"1\" data-animation=\"\" data-delay=\"0\"><div class=\"column-bg-overlay\"><\/div>\n\t\t<div class=\"vc_column-inner\">\n\t\t<div class=\"wpb_wrapper\">\n\t\t\t<div class=\"divider-wrap\" data-alignment=\"default\"><div style=\"height: 40px;\" class=\"divider\"><\/div><\/div>\r\n\t<div class=\"wpb_text_column wpb_content_element\" >\r\n\t\t<div class=\"wpb_wrapper\">\r\n\t\t\t<p><a class=\"nectar-button small see-through accent-color has-icon\" style=\"border-color: #581634; color: #581634;\" target=\"_blank\" href=\"https:\/\/eco.sapo.pt\/2024\/09\/03\/falta-de-funcionarios-judiciais-causa-stress-nos-magistrados-do-ministerio-publico\/\" data-color-override=\"#581634\" data-hover-color-override=\"false\" data-hover-text-color-override=\"#fff\"><span>News item<\/span><i  class=\"fa fa-television\"><\/i><\/a><br \/>\n3 de setembro 2024<\/p>\n\r\n\t\t<\/div>\r\n\t<\/div>\r\n<div class=\"divider-wrap\" data-alignment=\"default\"><div style=\"height: 40px;\" class=\"divider\"><\/div><\/div>\r\n\t<div class=\"wpb_text_column wpb_content_element\" >\r\n\t\t<div class=\"wpb_wrapper\">\r\n\t\t\t<p><a class=\"nectar-button small see-through accent-color has-icon\" style=\"border-color: #581634; color: #581634;\" target=\"_blank\" href=\"https:\/\/www.publico.pt\/2024\/09\/06\/sociedade\/entrevista\/nao-queremos-magistrados-juizes-burnout-decidir-futuro-vida-2103186\" data-color-override=\"#581634\" data-hover-color-override=\"false\" data-hover-text-color-override=\"#fff\"><span>News item<\/span><i  class=\"fa fa-television\"><\/i><\/a><br \/>\n6 de setembro 2024<\/p>\n\r\n\t\t<\/div>\r\n\t<\/div>\r\n<div class=\"divider-wrap\" data-alignment=\"default\"><div style=\"height: 40px;\" class=\"divider\"><\/div><\/div>\r\n\t<div class=\"wpb_text_column wpb_content_element\" >\r\n\t\t<div class=\"wpb_wrapper\">\r\n\t\t\t<p><a class=\"nectar-button small see-through accent-color has-icon\" style=\"border-color: #581634; color: #581634;\" target=\"_blank\" href=\"https:\/\/www.publico.pt\/2024\/09\/06\/sociedade\/noticia\/estudo-recomenda-menos-burocracia-magistrados-combater-burnout-mp-2103192\" data-color-override=\"#581634\" data-hover-color-override=\"false\" data-hover-text-color-override=\"#fff\"><span>News item<\/span><i  class=\"fa fa-television\"><\/i><\/a><br \/>\n6 de setembro 2024<\/p>\n\r\n\t\t<\/div>\r\n\t<\/div>\r\n<div class=\"divider-wrap\" data-alignment=\"default\"><div style=\"height: 40px;\" class=\"divider\"><\/div><\/div>\r\n\t<div class=\"wpb_text_column wpb_content_element\" >\r\n\t\t<div class=\"wpb_wrapper\">\r\n\t\t\t<p><a class=\"nectar-button small see-through accent-color has-icon\" style=\"border-color: #581634; color: #581634;\" target=\"_blank\" href=\"https:\/\/leitor.jornaleconomico.pt\/noticia\/burnout-na-magistratura-expoe-vazio-legal-e-falta-de-apoio-alerta-sindicato\" data-color-override=\"#581634\" data-hover-color-override=\"false\" data-hover-text-color-override=\"#fff\"><span>News item<\/span><i  class=\"fa fa-television\"><\/i><\/a><br \/>\n12 de setembro 2024<\/p>\n\r\n\t\t<\/div>\r\n\t<\/div>\r\n<div class=\"divider-wrap\" data-alignment=\"default\"><div style=\"height: 40px;\" class=\"divider\"><\/div><\/div>\r\n\t<div class=\"wpb_text_column wpb_content_element\" >\r\n\t\t<div class=\"wpb_wrapper\">\r\n\t\t\t<p><a class=\"nectar-button small see-through accent-color has-icon\" style=\"border-color: #581634; color: #581634;\" target=\"_blank\" href=\"https:\/\/www.ces.uc.pt\/pt\/agenda-noticias\/agenda-de-eventos\/2024\/profissoes-judiciais-numa-encruzilhada\" data-color-override=\"#581634\" data-hover-color-override=\"false\" data-hover-text-color-override=\"#fff\"><span>Seminar<\/span><i  class=\"fa fa-television\"><\/i><\/a><br \/>\n26 de setembro 2024<\/p>\n\r\n\t\t<\/div>\r\n\t<\/div>\r\n<div class=\"divider-wrap\" data-alignment=\"default\"><div style=\"height: 40px;\" class=\"divider\"><\/div><\/div>\r\n\t<div class=\"wpb_text_column wpb_content_element\" >\r\n\t\t<div class=\"wpb_wrapper\">\r\n\t\t\t<p><a class=\"nectar-button small see-through accent-color has-icon\" style=\"border-color: #581634; color: #581634;\" target=\"_blank\" href=\"https:\/\/www.justicatv.com\/site\/video.php?id=17215\" data-color-override=\"#581634\" data-hover-color-override=\"false\" data-hover-text-color-override=\"#fff\"><span>Video<\/span><i  class=\"fa fa-television\"><\/i><\/a><br \/>\n26 de setembro 2024<\/p>\n\r\n\t\t<\/div>\r\n\t<\/div>\r\n\n\t\t<\/div> \n\t<\/div>\n\t<\/div> \n<\/div><\/div>\n\t\t\t<\/div> \n\t\t<\/div>\n\t<\/div> \n<\/div><\/div>","protected":false},"excerpt":{"rendered":"O OPJ desenvolveu nos \u00faltimos 2 anos dois estudos similares, mas independentes, sobre o desgaste profissional nas magistraturas judicial e do Minist\u00e9rio P\u00fablico, em colabora\u00e7\u00e3o com as entidades de gest\u00e3o...","protected":false},"author":1,"featured_media":4023,"comment_status":"closed","ping_status":"closed","sticky":false,"template":"","format":"standard","meta":{"footnotes":""},"categories":[7],"tags":[],"class_list":{"0":"post-4025","1":"post","2":"type-post","3":"status-publish","4":"format-standard","5":"has-post-thumbnail","7":"category-segundo-destaque"},"_links":{"self":[{"href":"https:\/\/opj.ces.uc.pt\/en\/wp-json\/wp\/v2\/posts\/4025","targetHints":{"allow":["GET"]}}],"collection":[{"href":"https:\/\/opj.ces.uc.pt\/en\/wp-json\/wp\/v2\/posts"}],"about":[{"href":"https:\/\/opj.ces.uc.pt\/en\/wp-json\/wp\/v2\/types\/post"}],"author":[{"embeddable":true,"href":"https:\/\/opj.ces.uc.pt\/en\/wp-json\/wp\/v2\/users\/1"}],"replies":[{"embeddable":true,"href":"https:\/\/opj.ces.uc.pt\/en\/wp-json\/wp\/v2\/comments?post=4025"}],"version-history":[{"count":12,"href":"https:\/\/opj.ces.uc.pt\/en\/wp-json\/wp\/v2\/posts\/4025\/revisions"}],"predecessor-version":[{"id":4040,"href":"https:\/\/opj.ces.uc.pt\/en\/wp-json\/wp\/v2\/posts\/4025\/revisions\/4040"}],"wp:featuredmedia":[{"embeddable":true,"href":"https:\/\/opj.ces.uc.pt\/en\/wp-json\/wp\/v2\/media\/4023"}],"wp:attachment":[{"href":"https:\/\/opj.ces.uc.pt\/en\/wp-json\/wp\/v2\/media?parent=4025"}],"wp:term":[{"taxonomy":"category","embeddable":true,"href":"https:\/\/opj.ces.uc.pt\/en\/wp-json\/wp\/v2\/categories?post=4025"},{"taxonomy":"post_tag","embeddable":true,"href":"https:\/\/opj.ces.uc.pt\/en\/wp-json\/wp\/v2\/tags?post=4025"}],"curies":[{"name":"wp","href":"https:\/\/api.w.org\/{rel}","templated":true}]}}