{"id":4041,"date":"2024-10-13T11:08:21","date_gmt":"2024-10-13T11:08:21","guid":{"rendered":"https:\/\/opj.ces.uc.pt\/?p=4041"},"modified":"2024-10-13T11:10:15","modified_gmt":"2024-10-13T11:10:15","slug":"a-justica-administrativa-e-fiscal-em-debate","status":"publish","type":"post","link":"https:\/\/opj.ces.uc.pt\/en\/2024\/10\/13\/a-justica-administrativa-e-fiscal-em-debate\/","title":{"rendered":"A Justi\u00e7a Administrativa e Fiscal em debate"},"content":{"rendered":"<div id=\"fws_69f5ab899f597\"  data-midnight=\"dark\"  data-bg-mobile-hidden=\"\" class=\"wpb_row vc_row-fluid vc_row standard_section\"  style=\"padding-top: 0px; padding-bottom: 0px; \"><div class=\"row-bg-wrap\" data-bg-animation=\"none\"><div class=\"inner-wrap\"><div class=\"row-bg\"  style=\"\"><\/div><\/div><div class=\"row-bg-overlay\" ><\/div><\/div><div class=\"col span_12 dark left\">\n\t<div  class=\"vc_col-sm-12 wpb_column column_container vc_column_container col no-extra-padding\"  data-t-w-inherits=\"default\" data-border-radius=\"none\" data-shadow=\"none\" data-border-animation=\"\" data-border-animation-delay=\"\" data-border-width=\"none\" data-border-style=\"solid\" data-border-color=\"\" data-bg-cover=\"\" data-padding-pos=\"all\" data-has-bg-color=\"false\" data-bg-color=\"\" data-bg-opacity=\"1\" data-hover-bg=\"\" data-hover-bg-opacity=\"1\" data-animation=\"\" data-delay=\"0\"><div class=\"column-bg-overlay\"><\/div>\n\t\t<div class=\"vc_column-inner\">\n\t\t\t<div class=\"wpb_wrapper\">\n\t\t\t\t\r\n\t<div class=\"wpb_text_column wpb_content_element\" >\r\n\t\t<div class=\"wpb_wrapper\">\r\n\t\t\t<p style=\"font-weight: 400;\"><b>Confer\u00eancia Internacional O Futuro da Justi\u00e7a Administrativa e Fiscal: o lugar dos Tribunais<\/b><\/p>\n\r\n\t\t<\/div>\r\n\t<\/div>\r\n\n\t<div class=\"wpb_gallery wpb_content_element clearfix\">\n\t\t<div class=\"wpb_wrapper\"><div class=\"wpb_gallery_slides wpb_flexslider flex-gallery flexslider\" data-interval=\"5\" data-flex_fx=\"fade\"><ul class=\"slides\"><li><a href=\"https:\/\/opj.ces.uc.pt\/wp-content\/uploads\/2024\/10\/IMG_20240919_103529.jpg\"><img loading=\"lazy\" decoding=\"async\" class=\"skip-lazy\" src=\"https:\/\/opj.ces.uc.pt\/wp-content\/uploads\/2024\/10\/IMG_20240919_103529-400x266.jpg\" width=\"400\" height=\"266\" alt=\"IMG_20240919_103529\" title=\"IMG_20240919_103529\" \/><\/a><\/li><li><a href=\"https:\/\/opj.ces.uc.pt\/wp-content\/uploads\/2024\/10\/IMG_20240919_104621.jpg\"><img loading=\"lazy\" decoding=\"async\" class=\"skip-lazy\" src=\"https:\/\/opj.ces.uc.pt\/wp-content\/uploads\/2024\/10\/IMG_20240919_104621-400x266.jpg\" width=\"400\" height=\"266\" alt=\"IMG_20240919_104621\" title=\"IMG_20240919_104621\" \/><\/a><\/li><li><a href=\"https:\/\/opj.ces.uc.pt\/wp-content\/uploads\/2024\/10\/IMG_20240919_104637.jpg\"><img loading=\"lazy\" decoding=\"async\" class=\"skip-lazy\" src=\"https:\/\/opj.ces.uc.pt\/wp-content\/uploads\/2024\/10\/IMG_20240919_104637-400x266.jpg\" width=\"400\" height=\"266\" alt=\"IMG_20240919_104637\" title=\"IMG_20240919_104637\" \/><\/a><\/li><li><a href=\"https:\/\/opj.ces.uc.pt\/wp-content\/uploads\/2024\/10\/IMG_20240919_110416.jpg\"><img loading=\"lazy\" decoding=\"async\" class=\"skip-lazy\" src=\"https:\/\/opj.ces.uc.pt\/wp-content\/uploads\/2024\/10\/IMG_20240919_110416-400x266.jpg\" width=\"400\" height=\"266\" alt=\"IMG_20240919_110416\" title=\"IMG_20240919_110416\" \/><\/a><\/li><li><a href=\"https:\/\/opj.ces.uc.pt\/wp-content\/uploads\/2024\/10\/IMG_20240919_110422.jpg\"><img loading=\"lazy\" decoding=\"async\" class=\"skip-lazy\" src=\"https:\/\/opj.ces.uc.pt\/wp-content\/uploads\/2024\/10\/IMG_20240919_110422-400x266.jpg\" width=\"400\" height=\"266\" alt=\"IMG_20240919_110422\" title=\"IMG_20240919_110422\" \/><\/a><\/li><li><a href=\"https:\/\/opj.ces.uc.pt\/wp-content\/uploads\/2024\/10\/IMG_20240919_113346.jpg\"><img loading=\"lazy\" decoding=\"async\" class=\"skip-lazy\" src=\"https:\/\/opj.ces.uc.pt\/wp-content\/uploads\/2024\/10\/IMG_20240919_113346-400x266.jpg\" width=\"400\" height=\"266\" alt=\"IMG_20240919_113346\" title=\"IMG_20240919_113346\" \/><\/a><\/li><li><a href=\"https:\/\/opj.ces.uc.pt\/wp-content\/uploads\/2024\/10\/IMG_20240919_113351.jpg\"><img loading=\"lazy\" decoding=\"async\" class=\"skip-lazy\" src=\"https:\/\/opj.ces.uc.pt\/wp-content\/uploads\/2024\/10\/IMG_20240919_113351-400x266.jpg\" width=\"400\" height=\"266\" alt=\"IMG_20240919_113351\" title=\"IMG_20240919_113351\" \/><\/a><\/li><li><a href=\"https:\/\/opj.ces.uc.pt\/wp-content\/uploads\/2024\/10\/IMG_20240919_120357.jpg\"><img loading=\"lazy\" decoding=\"async\" class=\"skip-lazy\" src=\"https:\/\/opj.ces.uc.pt\/wp-content\/uploads\/2024\/10\/IMG_20240919_120357-400x266.jpg\" width=\"400\" height=\"266\" alt=\"IMG_20240919_120357\" title=\"IMG_20240919_120357\" \/><\/a><\/li><li><a href=\"https:\/\/opj.ces.uc.pt\/wp-content\/uploads\/2024\/10\/IMG_20240919_153945-scaled.jpg\"><img loading=\"lazy\" decoding=\"async\" class=\"skip-lazy\" src=\"https:\/\/opj.ces.uc.pt\/wp-content\/uploads\/2024\/10\/IMG_20240919_153945-scaled-400x266.jpg\" width=\"400\" height=\"266\" alt=\"IMG_20240919_153945\" title=\"IMG_20240919_153945\" \/><\/a><\/li><li><a href=\"https:\/\/opj.ces.uc.pt\/wp-content\/uploads\/2024\/10\/IMG_20240919_153955.jpg\"><img loading=\"lazy\" decoding=\"async\" class=\"skip-lazy\" src=\"https:\/\/opj.ces.uc.pt\/wp-content\/uploads\/2024\/10\/IMG_20240919_153955-400x266.jpg\" width=\"400\" height=\"266\" alt=\"IMG_20240919_153955\" title=\"IMG_20240919_153955\" \/><\/a><\/li><li><a href=\"https:\/\/opj.ces.uc.pt\/wp-content\/uploads\/2024\/10\/IMG_20240919_171958.jpg\"><img loading=\"lazy\" decoding=\"async\" class=\"skip-lazy\" src=\"https:\/\/opj.ces.uc.pt\/wp-content\/uploads\/2024\/10\/IMG_20240919_171958-400x266.jpg\" width=\"400\" height=\"266\" alt=\"IMG_20240919_171958\" title=\"IMG_20240919_171958\" \/><\/a><\/li><\/ul><\/div>\n\t\t<\/div> \n\t<\/div> \r\n    \t<div id=\"fws_69f5ab89a2b90\" data-midnight=\"\" data-column-margin=\"default\" data-bg-mobile-hidden=\"\" class=\"wpb_row vc_row-fluid vc_row inner_row standard_section\"  style=\"padding-top: 0px; padding-bottom: 0px; \"><div class=\"row-bg-wrap\"> <div class=\"row-bg\"  style=\"\"><\/div> <\/div><div class=\"col span_12  left\">\n\t<div  class=\"vc_col-sm-12 wpb_column column_container vc_column_container col no-extra-padding\"   data-t-w-inherits=\"default\" data-shadow=\"none\" data-border-radius=\"none\" data-border-animation=\"\" data-border-animation-delay=\"\" data-border-width=\"none\" data-border-style=\"solid\" data-border-color=\"\" data-bg-cover=\"\" data-padding-pos=\"all\" data-has-bg-color=\"false\" data-bg-color=\"\" data-bg-opacity=\"1\" data-hover-bg=\"\" data-hover-bg-opacity=\"1\" data-animation=\"\" data-delay=\"0\"><div class=\"column-bg-overlay\"><\/div>\n\t\t<div class=\"vc_column-inner\">\n\t\t<div class=\"wpb_wrapper\">\n\t\t\t<div class=\"divider-wrap\" data-alignment=\"default\"><div style=\"height: 40px;\" class=\"divider\"><\/div><\/div>\r\n\t<div class=\"wpb_text_column wpb_content_element\" >\r\n\t\t<div class=\"wpb_wrapper\">\r\n\t\t\t<p><a class=\"nectar-button small see-through accent-color has-icon\" style=\"border-color: #581634; color: #581634;\" target=\"_blank\" href=\"https:\/\/www.ministeriopublico.pt\/destaque\/conferencia-internacional-o-futuro-da-justica-administrativa-e-fiscal-o-lugar-dos\" data-color-override=\"#581634\" data-hover-color-override=\"false\" data-hover-text-color-override=\"#fff\"><span>Divulga\u00e7\u00e3o<\/span><i  class=\"fa fa-television\"><\/i><\/a><br \/>\n3 de setembro 2024<\/p>\n\r\n\t\t<\/div>\r\n\t<\/div>\r\n<div class=\"divider-wrap\" data-alignment=\"default\"><div style=\"height: 40px;\" class=\"divider\"><\/div><\/div>\r\n\t<div class=\"wpb_text_column wpb_content_element\" >\r\n\t\t<div class=\"wpb_wrapper\">\r\n\t\t\t<p><a class=\"nectar-button small see-through accent-color has-icon\" style=\"border-color: #581634; color: #581634;\" target=\"_blank\" href=\"https:\/\/www.oa.pt\/cd\/Conteudos\/Artigos\/detalhe_artigo.aspx?sidc=31690&amp;idc=30285&amp;idsc=79055&amp;ida=167046\" data-color-override=\"#581634\" data-hover-color-override=\"false\" data-hover-text-color-override=\"#fff\"><span>Divulga\u00e7\u00e3o<\/span><i  class=\"fa fa-television\"><\/i><\/a><br \/>\n16 de setembro 2024<\/p>\n\r\n\t\t<\/div>\r\n\t<\/div>\r\n<div class=\"divider-wrap\" data-alignment=\"default\"><div style=\"height: 40px;\" class=\"divider\"><\/div><\/div>\r\n\t<div class=\"wpb_text_column wpb_content_element\" >\r\n\t\t<div class=\"wpb_wrapper\">\r\n\t\t\t<p><a class=\"nectar-button small see-through accent-color has-icon\" style=\"border-color: #581634; color: #581634;\" target=\"_blank\" href=\"https:\/\/trjrfernandez.com\/blog\/conferencia-internacional-lisboa\" data-color-override=\"#581634\" data-hover-color-override=\"false\" data-hover-text-color-override=\"#fff\"><span>Article<\/span><i  class=\"fa fa-television\"><\/i><\/a><br \/>\n1 de outubro 2024<\/p>\n\r\n\t\t<\/div>\r\n\t<\/div>\r\n<div class=\"divider-wrap\" data-alignment=\"default\"><div style=\"height: 40px;\" class=\"divider\"><\/div><\/div>\n\t\t<\/div> \n\t<\/div>\n\t<\/div> \n<\/div><\/div>\n\t\t\t<\/div> \n\t\t<\/div>\n\t<\/div> \n<\/div><\/div>","protected":false},"excerpt":{"rendered":"Confer\u00eancia Internacional O Futuro da Justi\u00e7a Administrativa e Fiscal: o lugar dos Tribunais Divulga\u00e7\u00e3o 3 de setembro 2024 Divulga\u00e7\u00e3o 16 de setembro 2024 Artigo 1 de outubro 2024","protected":false},"author":1,"featured_media":4054,"comment_status":"closed","ping_status":"closed","sticky":false,"template":"","format":"standard","meta":{"footnotes":""},"categories":[7],"tags":[],"class_list":{"0":"post-4041","1":"post","2":"type-post","3":"status-publish","4":"format-standard","5":"has-post-thumbnail","7":"category-segundo-destaque"},"_links":{"self":[{"href":"https:\/\/opj.ces.uc.pt\/en\/wp-json\/wp\/v2\/posts\/4041","targetHints":{"allow":["GET"]}}],"collection":[{"href":"https:\/\/opj.ces.uc.pt\/en\/wp-json\/wp\/v2\/posts"}],"about":[{"href":"https:\/\/opj.ces.uc.pt\/en\/wp-json\/wp\/v2\/types\/post"}],"author":[{"embeddable":true,"href":"https:\/\/opj.ces.uc.pt\/en\/wp-json\/wp\/v2\/users\/1"}],"replies":[{"embeddable":true,"href":"https:\/\/opj.ces.uc.pt\/en\/wp-json\/wp\/v2\/comments?post=4041"}],"version-history":[{"count":4,"href":"https:\/\/opj.ces.uc.pt\/en\/wp-json\/wp\/v2\/posts\/4041\/revisions"}],"predecessor-version":[{"id":4058,"href":"https:\/\/opj.ces.uc.pt\/en\/wp-json\/wp\/v2\/posts\/4041\/revisions\/4058"}],"wp:featuredmedia":[{"embeddable":true,"href":"https:\/\/opj.ces.uc.pt\/en\/wp-json\/wp\/v2\/media\/4054"}],"wp:attachment":[{"href":"https:\/\/opj.ces.uc.pt\/en\/wp-json\/wp\/v2\/media?parent=4041"}],"wp:term":[{"taxonomy":"category","embeddable":true,"href":"https:\/\/opj.ces.uc.pt\/en\/wp-json\/wp\/v2\/categories?post=4041"},{"taxonomy":"post_tag","embeddable":true,"href":"https:\/\/opj.ces.uc.pt\/en\/wp-json\/wp\/v2\/tags?post=4041"}],"curies":[{"name":"wp","href":"https:\/\/api.w.org\/{rel}","templated":true}]}}