{"id":4091,"date":"2025-01-21T22:50:22","date_gmt":"2025-01-21T22:50:22","guid":{"rendered":"https:\/\/opj.ces.uc.pt\/?p=4091"},"modified":"2026-01-02T14:57:35","modified_gmt":"2026-01-02T14:57:35","slug":"seminario-a-carta-dos-direitos-fundamentais-em-acao-em-portugal-reflexoes-para-uma-acao-transformadora","status":"publish","type":"post","link":"https:\/\/opj.ces.uc.pt\/en\/2025\/01\/21\/seminario-a-carta-dos-direitos-fundamentais-em-acao-em-portugal-reflexoes-para-uma-acao-transformadora\/","title":{"rendered":"Semin\u00e1rio  &#8211; A Carta dos Direitos Fundamentais &#8220;em a\u00e7\u00e3o&#8221; em Portugal: reflex\u00f5es para uma a\u00e7\u00e3o transformadora"},"content":{"rendered":"<div id=\"fws_69f4a767343fa\"  data-midnight=\"dark\"  data-bg-mobile-hidden=\"\" class=\"wpb_row vc_row-fluid vc_row standard_section\"  style=\"padding-top: 0px; padding-bottom: 0px; \"><div class=\"row-bg-wrap\" data-bg-animation=\"none\"><div class=\"inner-wrap\"><div class=\"row-bg\"  style=\"\"><\/div><\/div><div class=\"row-bg-overlay\" ><\/div><\/div><div class=\"col span_12 dark left\">\n\t<div  class=\"vc_col-sm-12 wpb_column column_container vc_column_container col no-extra-padding\"  data-t-w-inherits=\"default\" data-border-radius=\"none\" data-shadow=\"none\" data-border-animation=\"\" data-border-animation-delay=\"\" data-border-width=\"none\" data-border-style=\"solid\" data-border-color=\"\" data-bg-cover=\"\" data-padding-pos=\"all\" data-has-bg-color=\"false\" data-bg-color=\"\" data-bg-opacity=\"1\" data-hover-bg=\"\" data-hover-bg-opacity=\"1\" data-animation=\"\" data-delay=\"0\"><div class=\"column-bg-overlay\"><\/div>\n\t\t<div class=\"vc_column-inner\">\n\t\t\t<div class=\"wpb_wrapper\">\n\t\t\t\t\r\n    \t<div id=\"fws_69f4a76734955\" data-midnight=\"\" data-column-margin=\"default\" data-bg-mobile-hidden=\"\" class=\"wpb_row vc_row-fluid vc_row inner_row standard_section\"  style=\"padding-top: 0px; padding-bottom: 0px; \"><div class=\"row-bg-wrap\"> <div class=\"row-bg\"  style=\"\"><\/div> <\/div><div class=\"col span_12  left\">\n\t<div  class=\"vc_col-sm-12 wpb_column column_container vc_column_container col no-extra-padding\"   data-t-w-inherits=\"default\" data-shadow=\"none\" data-border-radius=\"none\" data-border-animation=\"\" data-border-animation-delay=\"\" data-border-width=\"none\" data-border-style=\"solid\" data-border-color=\"\" data-bg-cover=\"\" data-padding-pos=\"all\" data-has-bg-color=\"false\" data-bg-color=\"\" data-bg-opacity=\"1\" data-hover-bg=\"\" data-hover-bg-opacity=\"1\" data-animation=\"\" data-delay=\"0\"><div class=\"column-bg-overlay\"><\/div>\n\t\t<div class=\"vc_column-inner\">\n\t\t<div class=\"wpb_wrapper\">\n\t\t\t\r\n\t<div class=\"wpb_text_column wpb_content_element\" >\r\n\t\t<div class=\"wpb_wrapper\">\r\n\t\t\t<div class=\"header-event-wrapper\">\n<p class=\"header-event-title default-color\"><strong>23 de janeiro de 2025, 14h30-16h30<\/strong><\/p>\n<p class=\"header-event-venue\"><strong>Online event<\/strong><\/p>\n<\/div>\n<p>A Carta dos Direitos Fundamentais da Uni\u00e3o Europeia consagra um vasto conjunto de direitos individuais, civis, pol\u00edticos, econ\u00f3micos e sociais, vinculando \u00e0 sua aplica\u00e7\u00e3o todas as institui\u00e7\u00f5es e \u00f3rg\u00e3os da Uni\u00e3o Europeia, bem como os Estados-Membros. A Carta complementa os sistemas jur\u00eddicos nacionais, mas n\u00e3o os substitui, dado que a sua aplica\u00e7\u00e3o est\u00e1 sujeita ao princ\u00edpio da subsidiariedade. \u00c9 igualmente um documento de refer\u00eancia pol\u00edtica, que deve ter consagra\u00e7\u00e3o nos diversos instrumentos de elabora\u00e7\u00e3o e implementa\u00e7\u00e3o de pol\u00edticas p\u00fablicas, na prote\u00e7\u00e3o e garantia dos direitos fundamentais, alargado a todas as entidades e associa\u00e7\u00f5es que atuam nas diversas \u00e1reas.<\/p>\n<p>O potencial da Carta dos Direitos Fundamentais, enquanto instrumento de promo\u00e7\u00e3o e prote\u00e7\u00e3o dos direitos das pessoas, depende do seu grau de efetiva\u00e7\u00e3o na pr\u00e1tica. Este Semin\u00e1rio Online pretende contribuir para esse objetivo, promovendo a sensibiliza\u00e7\u00e3o para a relev\u00e2ncia da Carta dos Direitos Fundamentais, como instrumento de refer\u00eancia para o trabalho das organiza\u00e7\u00f5es da sociedade civil e das entidades p\u00fablicas, seja na conce\u00e7\u00e3o de legisla\u00e7\u00e3o, seja no desenvolvimento de a\u00e7\u00f5es dirigidas \u00e0 prote\u00e7\u00e3o de direitos fundamentais.<\/p>\n<p>O Semin\u00e1rio conta com a participa\u00e7\u00e3o de representantes de organiza\u00e7\u00f5es e entidades que atuam em \u00e1reas de defesa e prote\u00e7\u00e3o de direitos fundamentais. Procura-se refletir, a partir da heterogeneidade de experi\u00eancias institucionais e associativas, sobre a relev\u00e2ncia jur\u00eddica e pol\u00edtica da Carta e explorar os desafios \u00e0 sua aplica\u00e7\u00e3o, atual e potencial, de modo a promover mudan\u00e7as positivas para os direitos das pessoas. Como pode ser aplicada? Em que circunst\u00e2ncias concretas? Como interage com outros instrumentos normativos nacionais? Estas s\u00e3o algumas quest\u00f5es que propomos debater no Semin\u00e1rio.<\/p>\n<p><strong>PROGRAMME<\/strong><\/p>\n<p>Introdu\u00e7\u00e3o e Modera\u00e7\u00e3o: <strong>Marina Henriques<\/strong> \u2013 OPJ\/CES\/UC<\/p>\n<p>Oradores\/as:<br \/>\n<strong>Maria L\u00facia Amaral<\/strong> \u2013 Provedora de Justi\u00e7a<br \/>\n<strong>M\u00f3nica d\u2019Oliveira Farinha<\/strong> \u2013 Presidente do Conselho Portugu\u00eas para os Refugiados<br \/>\n<strong>S\u00f3nia Esperto<\/strong> \u2013 Presidente do Instituto Nacional de Reabilita\u00e7\u00e3o<\/p>\n<p><strong>P\u00fablico Alvo<\/strong><\/p>\n<p>Este Semin\u00e1rio \u00e9 dirigido a profissionais que, no exerc\u00edcio das suas fun\u00e7\u00f5es, lidam com esta tem\u00e1tica, designadamente nas \u00e1reas da justi\u00e7a, das entidades p\u00fablicas e associa\u00e7\u00f5es da sociedade civil, acad\u00e9mia e investiga\u00e7\u00e3o, ativistas e todas as pessoas interessadas em maximizar compet\u00eancias te\u00f3ricas e pr\u00e1ticas no \u00e2mbito da promo\u00e7\u00e3o e defesa dos direitos fundamentais.<\/p>\n<p><strong>Inscri\u00e7\u00e3o e Certificado de Participa\u00e7\u00e3o<\/strong><\/p>\n<p>O Semin\u00e1rio \u00e9 gratuito e aberto ao p\u00fablico mediante inscri\u00e7\u00e3o <a href=\"https:\/\/www.ces.uc.pt\/pt\/agenda-noticias\/agenda-de-eventos\/2025\/a-carta-dos-direitos-fundamentais-ldquo-em\/inscricao\" target=\"_parent\" rel=\"noopener\">Registration form<\/a><\/p>\n<p>Ser\u00e1 emitido e enviado certificado de participa\u00e7\u00e3o \u00e0s pessoas inscritas que o solicitarem, ap\u00f3s a realiza\u00e7\u00e3o do Semin\u00e1rio Online, para o email <a href=\"mailto:opj@ces.uc.pt\">opj@ces.uc.pt<\/a><\/p>\n<p>Ap\u00f3s a inscri\u00e7\u00e3o em ser\u00e3o enviados os dados de acesso \u00e0 plataforma Zoom onde decorrer\u00e1 o Semin\u00e1rio<\/p>\n<p>Para quaisquer esclarecimentos adicionais, contactar: <a href=\"mailto:opj@ces.uc.pt\">opj@ces.uc.pt<\/a><\/p>\n<p><strong>Contexto<\/strong><\/p>\n<p>Este Semin\u00e1rio Online enquadra-se no projeto <strong>\u201cFAIR &#8211; Carta dos Direitos Fundamentais da UE: Sensibiliza\u00e7\u00e3o e instrumentos para promover uma cultura de direitos\u201d<\/strong>, implementado, em Portugal, pelo Observat\u00f3rio Permanente da Justi\u00e7a do Centro de Estudos Sociais da Universidade de Coimbra, que decorre em nove pa\u00edses da Uni\u00e3o Europeia sob a coordena\u00e7\u00e3o da Fondazioni Giacomo Brodolini (It\u00e1lia) e financiado pela Uni\u00e3o Europeia.<\/p>\n<p>Para mais informa\u00e7\u00f5es consultar o site do projeto em: <a href=\"https:\/\/fair-project.org\/\">https:\/\/fair-project.org<\/a><\/p>\n\r\n\t\t<\/div>\r\n\t<\/div>\r\n\n\t\t<\/div> \n\t<\/div>\n\t<\/div> \n<\/div><\/div>\n\t\t\t<\/div> \n\t\t<\/div>\n\t<\/div> \n<\/div><\/div>","protected":false},"excerpt":{"rendered":"23 de janeiro de 2025, 14h30-16h30 Evento em formato digital A Carta dos Direitos Fundamentais da Uni\u00e3o Europeia consagra um vasto conjunto de direitos individuais, civis, pol\u00edticos, econ\u00f3micos e sociais,...","protected":false},"author":1,"featured_media":4092,"comment_status":"closed","ping_status":"closed","sticky":false,"template":"","format":"standard","meta":{"footnotes":""},"categories":[2],"tags":[],"class_list":{"0":"post-4091","1":"post","2":"type-post","3":"status-publish","4":"format-standard","5":"has-post-thumbnail","7":"category-destaques"},"_links":{"self":[{"href":"https:\/\/opj.ces.uc.pt\/en\/wp-json\/wp\/v2\/posts\/4091","targetHints":{"allow":["GET"]}}],"collection":[{"href":"https:\/\/opj.ces.uc.pt\/en\/wp-json\/wp\/v2\/posts"}],"about":[{"href":"https:\/\/opj.ces.uc.pt\/en\/wp-json\/wp\/v2\/types\/post"}],"author":[{"embeddable":true,"href":"https:\/\/opj.ces.uc.pt\/en\/wp-json\/wp\/v2\/users\/1"}],"replies":[{"embeddable":true,"href":"https:\/\/opj.ces.uc.pt\/en\/wp-json\/wp\/v2\/comments?post=4091"}],"version-history":[{"count":4,"href":"https:\/\/opj.ces.uc.pt\/en\/wp-json\/wp\/v2\/posts\/4091\/revisions"}],"predecessor-version":[{"id":4108,"href":"https:\/\/opj.ces.uc.pt\/en\/wp-json\/wp\/v2\/posts\/4091\/revisions\/4108"}],"wp:featuredmedia":[{"embeddable":true,"href":"https:\/\/opj.ces.uc.pt\/en\/wp-json\/wp\/v2\/media\/4092"}],"wp:attachment":[{"href":"https:\/\/opj.ces.uc.pt\/en\/wp-json\/wp\/v2\/media?parent=4091"}],"wp:term":[{"taxonomy":"category","embeddable":true,"href":"https:\/\/opj.ces.uc.pt\/en\/wp-json\/wp\/v2\/categories?post=4091"},{"taxonomy":"post_tag","embeddable":true,"href":"https:\/\/opj.ces.uc.pt\/en\/wp-json\/wp\/v2\/tags?post=4091"}],"curies":[{"name":"wp","href":"https:\/\/api.w.org\/{rel}","templated":true}]}}